{"id":58814,"date":"2026-01-17T13:45:32","date_gmt":"2026-01-17T13:45:32","guid":{"rendered":"https:\/\/247stiri.ro\/index.php\/2026\/01\/17\/elevi-ramasi-fara-masa-calda-din-cauza-masurilor-lui-bolojan-parintii-i-au-retras-de-la-scoala-pentru-ca-nu-mai-au-bani-de-pachet-video\/"},"modified":"2026-01-17T13:45:32","modified_gmt":"2026-01-17T13:45:32","slug":"elevi-ramasi-fara-masa-calda-din-cauza-masurilor-lui-bolojan-parintii-i-au-retras-de-la-scoala-pentru-ca-nu-mai-au-bani-de-pachet-video","status":"publish","type":"post","link":"https:\/\/247stiri.ro\/index.php\/2026\/01\/17\/elevi-ramasi-fara-masa-calda-din-cauza-masurilor-lui-bolojan-parintii-i-au-retras-de-la-scoala-pentru-ca-nu-mai-au-bani-de-pachet-video\/","title":{"rendered":"Elevi r\u0103ma\u0219i f\u0103r\u0103 masa cald\u0103 din cauza m\u0103surilor lui Bolojan. P\u0103rin\u021bii i-au retras de la \u0219coal\u0103 pentru c\u0103 nu mai au bani de pachet -VIDEO"},"content":{"rendered":"<p>\u00centrebat\u0103 dac\u0103 are posibilitatea s\u0103 \u00eei pun\u0103 \u00een fiecare zi pachet la \u0219coal\u0103 bunica unui elev a r\u0103spuns: \u201dC\u00e2teodat\u0103 da, c\u00e2teodat\u0103 nu. \u00cei mai dau c\u00e2te un b\u0103nu\u021b c\u00e2nd s\u0103-\u0219i mai cumpere o gogoa\u0219\u0103 sau merg cu d\u00e2nsul p\u00e2n\u0103 la magazin. C\u00e2teodat\u0103 m\u0103 str\u0103duiesc, c\u00e2teodat\u0103 dac\u0103 nu-i putere, mai dau acas\u0103 c\u00e2te un aperitiv, m\u0103n\u00e2nc\u0103 \u0219i dup\u0103 aceea pleac\u0103 la \u0219coal\u0103.\u201d<\/p>\n<p>Elevii din satul R\u0103de\u0219ti, din nordul jude\u021bului Gala\u021bi, au r\u0103mas f\u0103r\u0103 masa cald\u0103 primit\u0103 la \u0219coal\u0103, de\u0219i \u00een satele \u00eenvecinate, meniurile sunt livrate \u00een continuare. Unii copii vin f\u0103r\u0103 pachet, iar cei care au, \u00eempart m\u00e2ncarea cu ceilal\u021bi colegi.<\/p>\n<p>\u201dAu o anumit\u0103 situa\u021bie financiar\u0103 \u0219i so\u021bul nu lucreaz\u0103, \u00een zon\u0103 nu sunt locuri de munc\u0103 \u0219i m\u0103mica respectiv\u0103 pur \u0219i simplu a decis ca s\u0103-\u0219i lase copilul acas\u0103, ca s\u0103 nu fie diferen\u021ba \u0219i \u00eentre copii: cum un copil vine cu un anumit pachet la \u0219coal\u0103 \u0219i un copil\u201d, a declarat un cadru didactic.\u00a0<\/p>\n<p>Chiar \u015fi profesorii se simt neputincio\u015fi \u00een fa\u021ba acestei situa\u021bii. Conducerea \u0219colii sus\u021bine c\u0103 m\u0103surile impuse de guvernul Bolojan au f\u0103cut ca \u0219coala lor s\u0103 fie exclus\u0103 din acest program.<\/p>\n<p>\u201dFactorii de decizie pentru stabilirea sau includerea \u00een programul \u201eMas\u0103 S\u0103n\u0103toas\u0103\u201d nu suntem noi, ca unitate de \u00eenv\u0103\u021b\u0103m\u00e2nt. Datorit\u0103 Legii 141, a\u0219a-numita \u201eLege Bolojan\u201d, se pare c\u0103 termenul s-a prorogat pentru includerea altor unit\u0103\u021bi de \u00eenv\u0103\u021b\u0103m\u00e2nt \u00een programul \u201eMas\u0103 S\u0103n\u0103toas\u0103\u201d. Despre nevoie, cu siguran\u021b\u0103 este: avem familii defavorizate, avem copii dezavantaja\u021bi. Am avut copii care au acuzat lipsa de hran\u0103 acas\u0103 \u0219i \u00eenc\u0103 mai avem a\u0219a ceva\u201d, a spus Cosmin Marius Elisei, directorul \u0219colii din R\u0103de\u0219ti.<\/p>\n<p>\u201dAu foarte mare nevoie. Noi am testat \u00een programul PNRAS \u0219i am v\u0103zut c\u0103 chiar m\u0103n\u00e2nc\u0103 copiii pachetele pe care le-am primit. Au nevoie \u0219i din alt punct de vedere: eu, ca \u00eenv\u0103\u021b\u0103tor, am avut situa\u021bii \u00een care p\u0103rin\u021bii au zis: \u201eCe fac? \u00cel dau la \u0219coal\u0103 dac\u0103 nu am bani de pache\u021bel?\u201d, a afirmat \u00eenv\u0103\u021b\u0103torul C\u0103t\u0103lin Porumb.\u00a0<\/p>\n<p>Pentru 170 de elevi, o mas\u0103 ar costa \u00een jur de 17 lei pe zi. De altfel, \u0219i reprezentan\u021bii Inspectoratului \u0219colar sus\u021bin c\u0103 \u0219coala din R\u0103de\u0219ti nu a mai putut fi introdus\u0103 \u00een acest program din cauza, spun ei, a ordonan\u021bei trenule\u021b care a dus la reorganizarea \u0219colilor.\u00a0<\/p>\n<p>\u00a0<\/p>","protected":false},"excerpt":{"rendered":"<p>\u00centrebat\u0103 dac\u0103 are posibilitatea s\u0103 \u00eei pun\u0103 \u00een fiecare zi pachet la \u0219coal\u0103 bunica unui&hellip;<\/p>\n","protected":false},"author":0,"featured_media":58815,"comment_status":"open","ping_status":"open","sticky":false,"template":"","format":"standard","meta":{"footnotes":""},"categories":[2],"tags":[],"class_list":["post-58814","post","type-post","status-publish","format-standard","has-post-thumbnail","hentry","category-actual"],"_links":{"self":[{"href":"https:\/\/247stiri.ro\/index.php\/wp-json\/wp\/v2\/posts\/58814","targetHints":{"allow":["GET"]}}],"collection":[{"href":"https:\/\/247stiri.ro\/index.php\/wp-json\/wp\/v2\/posts"}],"about":[{"href":"https:\/\/247stiri.ro\/index.php\/wp-json\/wp\/v2\/types\/post"}],"replies":[{"embeddable":true,"href":"https:\/\/247stiri.ro\/index.php\/wp-json\/wp\/v2\/comments?post=58814"}],"version-history":[{"count":0,"href":"https:\/\/247stiri.ro\/index.php\/wp-json\/wp\/v2\/posts\/58814\/revisions"}],"wp:featuredmedia":[{"embeddable":true,"href":"https:\/\/247stiri.ro\/index.php\/wp-json\/wp\/v2\/media\/58815"}],"wp:attachment":[{"href":"https:\/\/247stiri.ro\/index.php\/wp-json\/wp\/v2\/media?parent=58814"}],"wp:term":[{"taxonomy":"category","embeddable":true,"href":"https:\/\/247stiri.ro\/index.php\/wp-json\/wp\/v2\/categories?post=58814"},{"taxonomy":"post_tag","embeddable":true,"href":"https:\/\/247stiri.ro\/index.php\/wp-json\/wp\/v2\/tags?post=58814"}],"curies":[{"name":"wp","href":"https:\/\/api.w.org\/{rel}","templated":true}]}}