{"id":58826,"date":"2026-01-17T14:44:50","date_gmt":"2026-01-17T14:44:50","guid":{"rendered":"https:\/\/247stiri.ro\/index.php\/2026\/01\/17\/iarna-saraciei-la-sat-batranii-stau-in-frig-pentru-ca-lemnele-sunt-mult-prea-scumpe-video\/"},"modified":"2026-01-17T14:44:50","modified_gmt":"2026-01-17T14:44:50","slug":"iarna-saraciei-la-sat-batranii-stau-in-frig-pentru-ca-lemnele-sunt-mult-prea-scumpe-video","status":"publish","type":"post","link":"https:\/\/247stiri.ro\/index.php\/2026\/01\/17\/iarna-saraciei-la-sat-batranii-stau-in-frig-pentru-ca-lemnele-sunt-mult-prea-scumpe-video\/","title":{"rendered":"Iarna s\u0103r\u0103ciei la sat. B\u0103tr\u00e2nii stau \u00een frig pentru c\u0103 lemnele sunt mult prea scumpe -VIDEO"},"content":{"rendered":"<p>\u201dLemnul de foc este 800 de lei tona de lemne la noi, la depozit de unde lu\u0103m noi lemnele. 800 tona. \u0218i v\u0103 \u00eenchipui\u021bi ca s\u0103 arzi \u00eentr-o iarn\u0103, trebuie trei, patru, cinci tone, mai mult nu&#8230; eu la dou\u0103 sobe c\u0103 este buc\u0103t\u0103rie \u0219i&#8230; mai tragem, mai st\u0103m \u0219i \u00een frig. Ce s\u0103 facem? Tragem, c\u0103 bani nu s-ajunge. Pensiile care sunt, nu s-ajunge.<\/p>\n<p>Impozitele, este o prostie ce a f\u0103cut Bolojan \u0219i Guvernul \u0219i Parlamentul \u0219i to\u021bi. P\u0103i dac\u0103 eu am pl\u0103tit casa, am pl\u0103tit p\u0103m\u00e2ntul, am pl\u0103tit tot ce am aici, p\u0103i de ce-mi vine s\u0103 mai impun\u0103 taxe \u0219i impozite? Pentru care motiv? Ca s\u0103 ne s\u0103r\u0103ceasc\u0103, s\u0103 ne termine. Guvernan\u021bii s\u0103 pun\u0103 m\u00e2na, nu s\u0103-\u0219i bage \u00een buzunare lor, s\u0103 pun\u0103 m\u00e2na s\u0103 se uite la popor.<\/p>\n<p>Poporul este s\u0103r\u0103cit, este \u00eengropat de tot din cauza acestui Guvern \u0219i acestui Parlament. E 400-500 c\u00e2\u021bi or fi \u00een parlament acolo, \u0103\u0219tia ne termin\u0103. Salarii cu milioanele \u0219i noi cu pensie am\u0103r\u00e2t\u0103 de 2.000 de lei. Asta le transmit \u0219i ministrului Muncii, s\u0103 pun\u0103 m\u00e2na s\u0103 dea indexarea la pensii pentru c\u0103 de doi ani de zile n-a dat\u201d, a declarat un pensionar.\u00a0<\/p>\n<p>\u00a0<\/p>","protected":false},"excerpt":{"rendered":"<p>\u201dLemnul de foc este 800 de lei tona de lemne la noi, la depozit de&hellip;<\/p>\n","protected":false},"author":0,"featured_media":58827,"comment_status":"open","ping_status":"open","sticky":false,"template":"","format":"standard","meta":{"footnotes":""},"categories":[2],"tags":[],"class_list":["post-58826","post","type-post","status-publish","format-standard","has-post-thumbnail","hentry","category-actual"],"_links":{"self":[{"href":"https:\/\/247stiri.ro\/index.php\/wp-json\/wp\/v2\/posts\/58826","targetHints":{"allow":["GET"]}}],"collection":[{"href":"https:\/\/247stiri.ro\/index.php\/wp-json\/wp\/v2\/posts"}],"about":[{"href":"https:\/\/247stiri.ro\/index.php\/wp-json\/wp\/v2\/types\/post"}],"replies":[{"embeddable":true,"href":"https:\/\/247stiri.ro\/index.php\/wp-json\/wp\/v2\/comments?post=58826"}],"version-history":[{"count":0,"href":"https:\/\/247stiri.ro\/index.php\/wp-json\/wp\/v2\/posts\/58826\/revisions"}],"wp:featuredmedia":[{"embeddable":true,"href":"https:\/\/247stiri.ro\/index.php\/wp-json\/wp\/v2\/media\/58827"}],"wp:attachment":[{"href":"https:\/\/247stiri.ro\/index.php\/wp-json\/wp\/v2\/media?parent=58826"}],"wp:term":[{"taxonomy":"category","embeddable":true,"href":"https:\/\/247stiri.ro\/index.php\/wp-json\/wp\/v2\/categories?post=58826"},{"taxonomy":"post_tag","embeddable":true,"href":"https:\/\/247stiri.ro\/index.php\/wp-json\/wp\/v2\/tags?post=58826"}],"curies":[{"name":"wp","href":"https:\/\/api.w.org\/{rel}","templated":true}]}}