{"id":58830,"date":"2026-01-17T15:45:48","date_gmt":"2026-01-17T15:45:48","guid":{"rendered":"https:\/\/247stiri.ro\/index.php\/2026\/01\/17\/puteri-noi-pentru-politistii-locali-vor-putea-folosi-camere-foto-video-si-audio-in-misiuni-legea-a-fost-promulgata\/"},"modified":"2026-01-17T15:45:48","modified_gmt":"2026-01-17T15:45:48","slug":"puteri-noi-pentru-politistii-locali-vor-putea-folosi-camere-foto-video-si-audio-in-misiuni-legea-a-fost-promulgata","status":"publish","type":"post","link":"https:\/\/247stiri.ro\/index.php\/2026\/01\/17\/puteri-noi-pentru-politistii-locali-vor-putea-folosi-camere-foto-video-si-audio-in-misiuni-legea-a-fost-promulgata\/","title":{"rendered":"Puteri noi pentru poli\u021bi\u0219tii locali: vor putea folosi camere foto, video \u0219i audio \u00een misiuni. Legea a fost promulgat\u0103"},"content":{"rendered":"<p>Potrivit acestuia, \u00een m\u0103sura \u00een care circumstan\u021bele permit, cet\u0103\u021benii vor fi informa\u021bi c\u0103 sunt \u00eenregistra\u021bi, iar autorit\u0103\u021bile locale au obliga\u021bia de a comunica public dotarea poli\u021bi\u0219tilor locali cu astfel de echipamente.Datele sunt p\u0103strate timp de maximum \u0219ase luni \u0219i apoi distruse, cu excep\u021bia cazurilor \u00een care constituie probe \u00eentr-o procedur\u0103 judiciar\u0103.Pentru a implementa tehnic acest nou sistem, administra\u021biile publice locale vor putea accesa fonduri europene.Aceast\u0103 lege contribuie la cre\u0219terea transparen\u021bei activit\u0103\u021bii poli\u021biei locale \u0219i la consolidarea siguran\u021bei publice, oferind \u00een acela\u0219i timp un nivel mai ridicat de protec\u021bie at\u00e2t cet\u0103\u021benilor, c\u00e2t \u0219i agen\u021bilor, spune pre\u0219edintele, pe Facebook.<\/p>\n<p><a title=\"Ce risca bucurestenii daca nu curata zapada din fata casei. Putini stiu ce prevede legea si se pot trezi cu amenzi de la Politia Locala\" href=\"https:\/\/www.realitatea.net\/stiri\/actual\/ce-risca-bucurestenii-daca-nu-curata-zapada-din-fata-casei-putini-stiu-ce-prevede-legea-si-se-pot-trezi-cu-amenzi-de-la-politia-locala_69667f007d7cd61581133b33\">Ce risc\u0103 bucure\u0219tenii dac\u0103 nu cur\u0103\u021b\u0103 z\u0103pada din fa\u021ba casei. Pu\u021bini \u0219tiu ce prevede legea \u0219i se pot trezi cu amenzi de la Poli\u021bia Local\u0103<\/a><\/p>\n<p>Camera Deputa\u021bilor a adoptat proiectul, ca for decizional, pe 17 decembrie 2025<\/p>\n<p>Proiectul de lege are ca obiect de reglementare completarea Legii poli\u021biei locale nr.155\/2010, cu un nou capitol: \u201dUtilizarea mijloacelor de \u00eenregistrare foto &#8211; audio &#8211; video portabile \u0219i protec\u021bia datelor cu caracter personal&#8221; &#8211; prin care se autorizeaz\u0103 Poli\u021bia Local\u0103 s\u0103 utilizeze mijloace de \u00eenregistrare foto &#8211; audio &#8211; video \u0219i implicit de a purta \u0219i utiliza, \u00een timpul exercit\u0103rii atribu\u021biilor de serviciu, dispozitive de \u00eenregistrare foto &#8211; audio &#8211; video portabile de tip BodyCam. Ini\u021biativa vizeaz\u0103 instituirea cadrului normativ expres pentru aceast\u0103 activitate, definind condi\u021biile, limitele \u0219i garan\u021biile \u00een care utilizarea mijloacelor de \u00eenregistrare se poate desf\u0103\u0219ura, doar \u00een conformitate cu principiile protec\u021biei datelor cu caracter personal \u0219i cu respectarea drepturilor \u0219i libert\u0103\u021bilor cet\u0103\u021bene\u0219ti ale persoanelor vizate.Structurile de Poli\u021bie Local\u0103 sunt obligate s\u0103 comunice publicului dotarea poli\u021bi\u0219tilor locali cu mijloace de \u00eenregistrare foto &#8211; audio &#8211; video portabile prin afi\u0219area unor semne vizibile pe uniformele sau echipamentele acestora \u0219i prin publicarea informa\u021biilor relevante.\u00cenregistr\u0103rile realizate prin intermediul mijloacelor de tip BodyCam sunt p\u0103strate pe o perioad\u0103 de 6 luni de la data ob\u021binerii acestora, cu excep\u021bia situa\u021biilor \u00een care sunt utilizate \u00een cadrul unei proceduri judiciare, caz \u00een care acestea urmeaz\u0103 regimul probelor. La \u00eemplinirea acestui termen, \u00eenregistr\u0103rile se distrug, prin proceduri ireversibile, prevede proiectul, citat de Agerpres.Poli\u021bi\u0219tii locali desemna\u021bi s\u0103 utilizeze mijloacele de \u00eenregistrare foto &#8211; audio &#8211; video portabile sau s\u0103 acceseze datele cu caracter personal care se colecteaz\u0103 prin intermediul acestora sunt instrui\u021bi cu privire la regulile de protec\u021bie a datelor cu caracter personal anterior valid\u0103rii utiliz\u0103rii accesului \u0219i, ulterior, cel pu\u021bin o dat\u0103 pe an.Autoritatea Na\u021bional\u0103 de Supraveghere a Prelucr\u0103rii Datelor cu Caracter Personal realizeaz\u0103, din oficiu, un control al opera\u021biunilor de prelucrare a datelor colectate de c\u0103tre structurile de Poli\u021bie Local\u0103 prin intermediul mijloacelor de \u00eenregistrare.\u00a0<\/p>\n<p><a title=\"Veste uriasa pentru soferii care ajung in Sectorul 3. Negoita schimba regulile: nu te mai trezesti cu masina ridicata daca faci un gest simplu - VIDEO\" href=\"https:\/\/www.realitatea.net\/stiri\/actual\/veste-uriasa-pentru-soferii-care-ajung-in-sectorul-3-negoita-schimba-regulile-nu-te-mai-trezesti-cu-masina-ridicata-daca-faci-un-gest-simplu-video_696a35c396e8af0b68780275\">Veste uria\u0219\u0103 pentru \u0219oferii care ajung \u00een Sectorul 3. Negoi\u021b\u0103 schimb\u0103 regulile: nu te mai treze\u0219ti cu ma\u0219ina ridicat\u0103 dac\u0103 faci un gest simplu &#8211; VIDEO<\/a><\/p>","protected":false},"excerpt":{"rendered":"<p>Potrivit acestuia, \u00een m\u0103sura \u00een care circumstan\u021bele permit, cet\u0103\u021benii vor fi informa\u021bi c\u0103 sunt \u00eenregistra\u021bi,&hellip;<\/p>\n","protected":false},"author":0,"featured_media":58831,"comment_status":"open","ping_status":"open","sticky":false,"template":"","format":"standard","meta":{"footnotes":""},"categories":[2],"tags":[],"class_list":["post-58830","post","type-post","status-publish","format-standard","has-post-thumbnail","hentry","category-actual"],"_links":{"self":[{"href":"https:\/\/247stiri.ro\/index.php\/wp-json\/wp\/v2\/posts\/58830","targetHints":{"allow":["GET"]}}],"collection":[{"href":"https:\/\/247stiri.ro\/index.php\/wp-json\/wp\/v2\/posts"}],"about":[{"href":"https:\/\/247stiri.ro\/index.php\/wp-json\/wp\/v2\/types\/post"}],"replies":[{"embeddable":true,"href":"https:\/\/247stiri.ro\/index.php\/wp-json\/wp\/v2\/comments?post=58830"}],"version-history":[{"count":0,"href":"https:\/\/247stiri.ro\/index.php\/wp-json\/wp\/v2\/posts\/58830\/revisions"}],"wp:featuredmedia":[{"embeddable":true,"href":"https:\/\/247stiri.ro\/index.php\/wp-json\/wp\/v2\/media\/58831"}],"wp:attachment":[{"href":"https:\/\/247stiri.ro\/index.php\/wp-json\/wp\/v2\/media?parent=58830"}],"wp:term":[{"taxonomy":"category","embeddable":true,"href":"https:\/\/247stiri.ro\/index.php\/wp-json\/wp\/v2\/categories?post=58830"},{"taxonomy":"post_tag","embeddable":true,"href":"https:\/\/247stiri.ro\/index.php\/wp-json\/wp\/v2\/tags?post=58830"}],"curies":[{"name":"wp","href":"https:\/\/api.w.org\/{rel}","templated":true}]}}