{"id":58832,"date":"2026-01-17T15:45:50","date_gmt":"2026-01-17T15:45:50","guid":{"rendered":"https:\/\/247stiri.ro\/index.php\/2026\/01\/17\/charlize-a-ajuns-in-marea-finala-a-competitiei-the-voice-of-europe-2025-si-reprezinta-romania-pe-scena-fiecare-vot-conteaza\/"},"modified":"2026-01-17T15:45:50","modified_gmt":"2026-01-17T15:45:50","slug":"charlize-a-ajuns-in-marea-finala-a-competitiei-the-voice-of-europe-2025-si-reprezinta-romania-pe-scena-fiecare-vot-conteaza","status":"publish","type":"post","link":"https:\/\/247stiri.ro\/index.php\/2026\/01\/17\/charlize-a-ajuns-in-marea-finala-a-competitiei-the-voice-of-europe-2025-si-reprezinta-romania-pe-scena-fiecare-vot-conteaza\/","title":{"rendered":"Charlize a ajuns \u00een marea final\u0103 a competi\u021biei \u201eThe Voice of Europe 2025\u201d \u0219i reprezint\u0103 Rom\u00e2nia pe scen\u0103. Fiecare vot conteaz\u0103!"},"content":{"rendered":"<p>O final\u0103 care se joac\u0103 la vot<\/p>\n<p>Momentul decisiv are loc \u00eentr-un interval clar stabilit, iar rezultatul depinde direct de sus\u021binerea publicului. Votarea este activ\u0103 pe parcursul a 24 de ore, de vineri seara, 16 ianuarie, de la ora 18:00, p\u00e2n\u0103 s\u00e2mb\u0103t\u0103 seara, 17 ianuarie, la ora 18:00. \u00cen acest interval, fiecare sus\u021bin\u0103tor \u00ee\u0219i poate exprima op\u021biunea printr-un gest simplu, care conteaz\u0103 ca vot.<\/p>\n<p>Cum poate fi sus\u021binut\u0103 Charlize<\/p>\n<p>Organizatorii au precizat c\u0103 votul se face printr-un like la postarea dedicat\u0103 de pe pagina oficial\u0103 a competi\u021biei.<\/p>\n<p>\u00a0\u00a0\u00a0\u00a0\u00a0View this post on Instagram\u00a0\u00a0\u00a0\u00a0\u00a0\u00a0\u00a0\u00a0\u00a0\u00a0\u00a0<\/p>\n<p><a href=\"https:\/\/www.instagram.com\/reel\/DTlDpI5jdon\/?utm_source=ig_embed&amp;utm_campaign=loading\" target=\"_blank\">A post shared by The Voice Europe (@thevoice_ofeurope)<\/a><\/p>\n<p>Fiecare apreciere exprimat\u0103 \u00een perioada de votare este luat\u0103 \u00een calcul pentru rezultatul final.<\/p>\n<p>Calendarul serii decisive<\/p>\n<p>Dup\u0103 \u00eencheierea perioadei de votare, aten\u021bia se mut\u0103 asupra anun\u021bului oficial al c\u00e2\u0219tig\u0103torilor. S\u00e2mb\u0103t\u0103 seara, \u00eencep\u00e2nd cu ora 20:00, vor fi f\u0103cute publice rezultatele finale, care vor include at\u00e2t punctajul acordat de public, c\u00e2t \u0219i evalu\u0103rile juriului. Atunci va fi cunoscut numele c\u00e2\u0219tig\u0103torului \u0219i, implicit, dac\u0103 titlul de \u201eVocea Europei 2025\u201d ajunge la o concurent\u0103 din Rom\u00e2nia.<\/p>\n<p>Miza unui moment istoric<\/p>\n<p>Cu doar c\u00e2teva ore r\u0103mase p\u00e2n\u0103 la verdict, prezen\u021ba lui Charlize \u00een ultimii patru concuren\u021bi transform\u0103 aceast\u0103 final\u0103 \u00eentr-un moment cu o miz\u0103 aparte. Posibilitatea ca o rom\u00e2nc\u0103 s\u0103 c\u00e2\u0219tige competi\u021bia european\u0103 depinde acum de voturile str\u00e2nse \u00een intervalul anun\u021bat, fiecare apreciere av\u00e2nd un rol direct \u00een clasamentul final.<\/p>","protected":false},"excerpt":{"rendered":"<p>O final\u0103 care se joac\u0103 la vot Momentul decisiv are loc \u00eentr-un interval clar stabilit,&hellip;<\/p>\n","protected":false},"author":0,"featured_media":58829,"comment_status":"open","ping_status":"open","sticky":false,"template":"","format":"standard","meta":{"footnotes":""},"categories":[2],"tags":[],"class_list":["post-58832","post","type-post","status-publish","format-standard","has-post-thumbnail","hentry","category-actual"],"_links":{"self":[{"href":"https:\/\/247stiri.ro\/index.php\/wp-json\/wp\/v2\/posts\/58832","targetHints":{"allow":["GET"]}}],"collection":[{"href":"https:\/\/247stiri.ro\/index.php\/wp-json\/wp\/v2\/posts"}],"about":[{"href":"https:\/\/247stiri.ro\/index.php\/wp-json\/wp\/v2\/types\/post"}],"replies":[{"embeddable":true,"href":"https:\/\/247stiri.ro\/index.php\/wp-json\/wp\/v2\/comments?post=58832"}],"version-history":[{"count":0,"href":"https:\/\/247stiri.ro\/index.php\/wp-json\/wp\/v2\/posts\/58832\/revisions"}],"wp:featuredmedia":[{"embeddable":true,"href":"https:\/\/247stiri.ro\/index.php\/wp-json\/wp\/v2\/media\/58829"}],"wp:attachment":[{"href":"https:\/\/247stiri.ro\/index.php\/wp-json\/wp\/v2\/media?parent=58832"}],"wp:term":[{"taxonomy":"category","embeddable":true,"href":"https:\/\/247stiri.ro\/index.php\/wp-json\/wp\/v2\/categories?post=58832"},{"taxonomy":"post_tag","embeddable":true,"href":"https:\/\/247stiri.ro\/index.php\/wp-json\/wp\/v2\/tags?post=58832"}],"curies":[{"name":"wp","href":"https:\/\/api.w.org\/{rel}","templated":true}]}}