{"id":58833,"date":"2026-01-17T15:45:50","date_gmt":"2026-01-17T15:45:50","guid":{"rendered":"https:\/\/247stiri.ro\/index.php\/2026\/01\/17\/val-de-furturi-in-romania-un-barbat-a-ramas-fara-ceas-dupa-ce-a-adormit-in-autobuz-video\/"},"modified":"2026-01-17T15:45:50","modified_gmt":"2026-01-17T15:45:50","slug":"val-de-furturi-in-romania-un-barbat-a-ramas-fara-ceas-dupa-ce-a-adormit-in-autobuz-video","status":"publish","type":"post","link":"https:\/\/247stiri.ro\/index.php\/2026\/01\/17\/val-de-furturi-in-romania-un-barbat-a-ramas-fara-ceas-dupa-ce-a-adormit-in-autobuz-video\/","title":{"rendered":"Val de furturi \u00een Rom\u00e2nia. Un b\u0103rbat a r\u0103mas f\u0103r\u0103 ceas dup\u0103 ce a adormit \u00een autobuz. VIDEO"},"content":{"rendered":"<p>Imaginile surprinse de camerele de supraveghere au surprins momentul \u00een care ho\u021bul a p\u0103truns \u00een interiorul unui amanet din sectorul 4 al Capitalei \u0219i a deschis dulapul \u00een care erau \u021binute bijuteriile. Acesta a furat un raft plin cu br\u0103\u021b\u0103ri \u0219i s-a f\u0103cut nev\u0103zut. Prejudiciul cauzat s-a ridicat la peste 10 mii de lei.\u00a0La scurt timp, b\u0103rbatul a fost identificat cu ajutorul imaginilor \u0219i a fost re\u021binut. Este vorba de un recidivist care fusese eliberat din penitenciar luna trecut\u0103.La Constan\u021ba, un t\u00e2n\u0103r a r\u0103mas f\u0103r\u0103 ceas dup\u0103 ce i-a fost furat \u00een autobuz \u00een timp ce adormise.\u00cen imaginile surprinse de camerele de supraveghere, se vede cum ho\u0163ul \u00eei ridic\u0103 gluga b\u0103rbatului de l\u00e2ng\u0103 el, pentru a se asigura c\u0103 nu e treaz. Apoi, dup\u0103 mai multe \u00eencerc\u0103ri i-a smuls ceasul \u015fi a fugit. Victima \u015fi-a dat seama c\u0103 i-a disp\u0103rut abia dup\u0103 ce s-a trezit \u015fi a alertat autorit\u0103\u0163ile.<\/p>\n<p>Ho\u021bul, un b\u0103rbat de 25 de ani a fost imediat prins \u0219i re\u021binut. Acesta s-a ales cu dosar penal pentru furt.\u00a0<\/p>\n<p><a href=\"https:\/\/www.realitatea.net\/stiri\/actual\/o-psiholoaga-cunoscuta-a-fost-saltata-de-pollitie-acuzata-ca-a-furat-un-ceas-de-aur-de-la-un-afacerist-femeia-aparea-la-tv-cu-sfaturi-de-sanptate-si-iubire-de-sine_696b9ef5b2c8e86bd06fcb83\" target=\"_blank\">O psiholoag\u0103 cunoscut\u0103 a fost s\u0103ltat\u0103 de polli\u021bie, acuzat\u0103 c\u0103 a furat un ceas de aur de la un afacerist. Femeia ap\u0103rea la tv cu sfaturi de s\u0103n\u0103tate \u0219i iubire de sine<\/a><\/p>","protected":false},"excerpt":{"rendered":"<p>Imaginile surprinse de camerele de supraveghere au surprins momentul \u00een care ho\u021bul a p\u0103truns \u00een&hellip;<\/p>\n","protected":false},"author":0,"featured_media":58834,"comment_status":"open","ping_status":"open","sticky":false,"template":"","format":"standard","meta":{"footnotes":""},"categories":[2],"tags":[],"class_list":["post-58833","post","type-post","status-publish","format-standard","has-post-thumbnail","hentry","category-actual"],"_links":{"self":[{"href":"https:\/\/247stiri.ro\/index.php\/wp-json\/wp\/v2\/posts\/58833","targetHints":{"allow":["GET"]}}],"collection":[{"href":"https:\/\/247stiri.ro\/index.php\/wp-json\/wp\/v2\/posts"}],"about":[{"href":"https:\/\/247stiri.ro\/index.php\/wp-json\/wp\/v2\/types\/post"}],"replies":[{"embeddable":true,"href":"https:\/\/247stiri.ro\/index.php\/wp-json\/wp\/v2\/comments?post=58833"}],"version-history":[{"count":0,"href":"https:\/\/247stiri.ro\/index.php\/wp-json\/wp\/v2\/posts\/58833\/revisions"}],"wp:featuredmedia":[{"embeddable":true,"href":"https:\/\/247stiri.ro\/index.php\/wp-json\/wp\/v2\/media\/58834"}],"wp:attachment":[{"href":"https:\/\/247stiri.ro\/index.php\/wp-json\/wp\/v2\/media?parent=58833"}],"wp:term":[{"taxonomy":"category","embeddable":true,"href":"https:\/\/247stiri.ro\/index.php\/wp-json\/wp\/v2\/categories?post=58833"},{"taxonomy":"post_tag","embeddable":true,"href":"https:\/\/247stiri.ro\/index.php\/wp-json\/wp\/v2\/tags?post=58833"}],"curies":[{"name":"wp","href":"https:\/\/api.w.org\/{rel}","templated":true}]}}