{"id":58842,"date":"2026-01-17T16:45:08","date_gmt":"2026-01-17T16:45:08","guid":{"rendered":"https:\/\/247stiri.ro\/index.php\/2026\/01\/17\/ayatollahul-ali-khamenei-da-vina-pe-trump-pentru-revoltele-din-iran-a-fost-un-complot-american\/"},"modified":"2026-01-17T16:45:08","modified_gmt":"2026-01-17T16:45:08","slug":"ayatollahul-ali-khamenei-da-vina-pe-trump-pentru-revoltele-din-iran-a-fost-un-complot-american","status":"publish","type":"post","link":"https:\/\/247stiri.ro\/index.php\/2026\/01\/17\/ayatollahul-ali-khamenei-da-vina-pe-trump-pentru-revoltele-din-iran-a-fost-un-complot-american\/","title":{"rendered":"Ayatollahul Ali Khamenei d\u0103 vina pe Trump pentru revoltele din Iran. \u201dA fost un complot american\u201d"},"content":{"rendered":"<p>\u00cen contextul reprim\u0103rii unor proteste ample \u00eempotriva puterii, ayatollahul a cerut autorit\u0103\u021bilor iraniene \u201ds\u0103 le rup\u0103 spatele r\u0103zvr\u0103ti\u0163ilor\u201d \u0219i a pus responsabilitatea pentru \u201dvictime\u201d pe seama liderului de la Washington, potrivit relat\u0103rii AFP. Valul de manifesta\u021bii, reprimate violent, s-a soldat cu mii de mor\u021bi.<\/p>\n<p>Mesaj c\u0103tre sus\u021bin\u0103tori, \u00een cadrul unei s\u0103rb\u0103tori religioase<\/p>\n<p>\u00cen fa\u021ba sus\u021bin\u0103torilor s\u0103i, cu ocazia unei s\u0103rb\u0103tori religioase, ayatollahul Ali Khamenei a transmis un mesaj f\u0103r\u0103 echivoc privind pozi\u021bia regimului fa\u021b\u0103 de cei considera\u021bi responsabili de tulbur\u0103rile interne. \u201dNu inten\u0163ion\u0103m s\u0103 conducem \u0163ara la r\u0103zboi, dar nu-i vom cru\u0163a pe criminalii na\u0163ionali (&#8230;). Mai r\u0103i dec\u00e2t criminalii na\u0163ionali, criminalii interna\u021bionali. Nu-i vom cru\u0163a nici pe ei\u201d, le-a spus el celor prezen\u021bi.<\/p>\n\n<p>Apel la reprimarea revoltei<\/p>\n<p>\u00cen acela\u0219i discurs, liderul suprem a insistat asupra necesit\u0103\u021bii unei reac\u021bii dure \u00eempotriva protestatarilor. \u201dPrin harul lui Allah, na\u0163iunea iranian\u0103 trebuie s\u0103 le rup\u0103 spatele r\u0103zvr\u0103ti\u0163ilor, a\u015fa cum a rupt spatele r\u0103zvr\u0103tirii\u201d, a ad\u0103ugat el, reafirm\u00e2nd linia dur\u0103 adoptat\u0103 de autorit\u0103\u021bi fa\u021b\u0103 de mi\u0219c\u0103rile de contestare.<\/p>\n<p>De la nemul\u021bumiri economice la contestarea regimului<\/p>\n<p>Manifesta\u0163iile au izbucnit la 28 decembrie, la Teheran, fiind ini\u021biate de comercian\u021bi nemul\u021bumi\u021bi de costul ridicat al traiului. Protestele au c\u0103p\u0103tat o amploare mult mai mare la 8 ianuarie, moment \u00een care revendic\u0103rile s-au transformat \u00een contest\u0103ri deschise la adresa republicii islamice proclamate \u00een 1979.<\/p>\n<p><a title=\"Iranul dezminte ca un protestatar a fost condamnat la moarte si ar putea fi executat\" href=\"https:\/\/www.realitatea.net\/stiri\/extern\/iranul-dezminte-ca-un-protestatar-a-fost-condamnat-la-moarte-si-ar-putea-fi-executat_69692706ff7a075b0f0cbfb2\">Iranul dezminte c\u0103 un protestatar a fost condamnat la moarte \u015fi ar putea fi executat<\/a><\/p>\n<p>Internetul, \u00eentrerupt \u00een timpul represiunii<\/p>\n<p>Pe fondul extinderii manifesta\u021biilor, autorit\u0103\u021bile iraniene au decis \u00eentreruperea accesului la Internet. Potrivit organiza\u021biilor de ap\u0103rare a drepturilor omului, aceast\u0103 m\u0103sur\u0103 a avut ca scop ascunderea \u201dbrutalit\u0103\u021bii\u201d represiunii exercitate \u00eempotriva protestatarilor.<\/p>\n<p>Acuza\u021bii directe la adresa Washingtonului<\/p>\n<p>\u00cen discursul s\u0103u, ayatollahul Ali Khamenei l-a indicat explicit pe pre\u015fedintele american Donald Trump drept responsabil pentru consecin\u021bele s\u00e2ngeroase ale protestelor. Liderul suprem a afirmat c\u0103 acesta este \u201dvinovat de victimele\u201d \u00eenregistrate \u00een urma manifesta\u021biilor recente.<\/p>\n<p>Declara\u021bii explicite despre responsabilitate<\/p>\n<p>\u201dNoi \u00eel consider\u0103m pe pre\u015fedintele american vinovat de victime, de pagube \u015fi de acuza\u0163ii pe care le-a proferat \u00eempotriva na\u0163iunii iraniene\u201d, a declarat el \u00een cadrul aceluia\u0219i discurs, relu\u00e2nd acuza\u021biile la adresa Statelor Unite.<\/p>\n\n<p>Teoria complotului american<\/p>\n<p>Ayatollahul a mers mai departe cu afirma\u021biile sale \u0219i a sus\u021binut existen\u021ba unei ac\u021biuni coordonate \u00eempotriva Iranului. \u201dA fost un complot american\u201d, acuz\u0103 el.<\/p>\n<p>Viziunea asupra obiectivelor Statelor Unite<\/p>\n<p>\u00cen finalul interven\u021biei sale, liderul suprem iranian a detaliat ceea ce consider\u0103 a fi scopurile Washingtonului \u00een raport cu Teheranul. \u201dObiecitvul Statelor Unite este s\u0103 \u00eenghit\u0103 Iranul (&#8230;). Obiectivul este s\u0103 repun\u0103 Iranul sub domina\u0163ie militar\u0103, politic\u0103 \u015fi economic\u0103\u201d, acuz\u0103 Ali Khamenei.<\/p>\n<p><a title='Proteste antiamericane la Teheran. Manifestantii cer asasinarea lui Donald Trump si striga ,,Moarte Americii\" - VIDEO' href=\"https:\/\/www.realitatea.net\/stiri\/extern\/proteste-antiamericane-la-teheran-manifestantii-cer-asasinarea-lui-donald-trump-si-striga-moarte-americii-video_69695cca452c0e12e46ebc73\">Proteste antiamericane la Teheran. Manifestan\u021bii cer asasinarea lui Donald Trump \u0219i strig\u0103 \u201eMoarte Americii\u201d \u2013 VIDEO<\/a><\/p>","protected":false},"excerpt":{"rendered":"<p>\u00cen contextul reprim\u0103rii unor proteste ample \u00eempotriva puterii, ayatollahul a cerut autorit\u0103\u021bilor iraniene \u201ds\u0103 le&hellip;<\/p>\n","protected":false},"author":0,"featured_media":58840,"comment_status":"open","ping_status":"open","sticky":false,"template":"","format":"standard","meta":{"footnotes":""},"categories":[2],"tags":[],"class_list":["post-58842","post","type-post","status-publish","format-standard","has-post-thumbnail","hentry","category-actual"],"_links":{"self":[{"href":"https:\/\/247stiri.ro\/index.php\/wp-json\/wp\/v2\/posts\/58842","targetHints":{"allow":["GET"]}}],"collection":[{"href":"https:\/\/247stiri.ro\/index.php\/wp-json\/wp\/v2\/posts"}],"about":[{"href":"https:\/\/247stiri.ro\/index.php\/wp-json\/wp\/v2\/types\/post"}],"replies":[{"embeddable":true,"href":"https:\/\/247stiri.ro\/index.php\/wp-json\/wp\/v2\/comments?post=58842"}],"version-history":[{"count":0,"href":"https:\/\/247stiri.ro\/index.php\/wp-json\/wp\/v2\/posts\/58842\/revisions"}],"wp:featuredmedia":[{"embeddable":true,"href":"https:\/\/247stiri.ro\/index.php\/wp-json\/wp\/v2\/media\/58840"}],"wp:attachment":[{"href":"https:\/\/247stiri.ro\/index.php\/wp-json\/wp\/v2\/media?parent=58842"}],"wp:term":[{"taxonomy":"category","embeddable":true,"href":"https:\/\/247stiri.ro\/index.php\/wp-json\/wp\/v2\/categories?post=58842"},{"taxonomy":"post_tag","embeddable":true,"href":"https:\/\/247stiri.ro\/index.php\/wp-json\/wp\/v2\/tags?post=58842"}],"curies":[{"name":"wp","href":"https:\/\/api.w.org\/{rel}","templated":true}]}}