{"id":58857,"date":"2026-01-17T18:45:34","date_gmt":"2026-01-17T18:45:34","guid":{"rendered":"https:\/\/247stiri.ro\/index.php\/2026\/01\/17\/acordul-mercosur-a-fost-semnat-sageti-catre-trump-in-discursurile-reprezentantilor-ue-ursula-von-der-leyen-si-antonio-costa-video\/"},"modified":"2026-01-17T18:45:34","modified_gmt":"2026-01-17T18:45:34","slug":"acordul-mercosur-a-fost-semnat-sageti-catre-trump-in-discursurile-reprezentantilor-ue-ursula-von-der-leyen-si-antonio-costa-video","status":"publish","type":"post","link":"https:\/\/247stiri.ro\/index.php\/2026\/01\/17\/acordul-mercosur-a-fost-semnat-sageti-catre-trump-in-discursurile-reprezentantilor-ue-ursula-von-der-leyen-si-antonio-costa-video\/","title":{"rendered":"Acordul Mercosur a fost semnat. S\u0103ge\u021bi c\u0103tre Trump \u00een discursurile reprezentan\u021bilor UE, Ursula von der Leyen \u0219i Antonio Costa. VIDEO"},"content":{"rendered":"<p>Acesta este un &#8222;semnal clar \u00een favoarea comer\u021bului interna\u021bional&#8221; \u00eentr-un context de &#8222;tensiuni&#8221;, a declarat, la r\u00e2ndul s\u0103u, pre\u0219edintele Paraguayului, Santiago Pena, a c\u0103rui \u021bar\u0103 de\u021bine pre\u0219edin\u021bia prin rota\u021bie a Mercosur.<\/p>\n<p>Acordul comercial UE-Mercosur semnat s\u00e2mb\u0103t\u0103 la Asuncion marcheaz\u0103 finalul a 25 de ani de negocieri \u00eentre Uniunea European\u0103 \u0219i statele Mercosur \u0219i crearea oficial\u0103 a uneia dintre cele mai mari zone de liber schimb din lume, cu peste 700 de milioane de locuitori, reprezent\u00e2nd 30% din PIB-ul global.\u201dAlegem un comer\u021b echitabil \u00een locul tarifelor vamale, un parteneriat productiv pe termen lung \u00een locul izol\u0103rii. \u0218i mai presus de toate, inten\u021bion\u0103m s\u0103 aducem beneficii concrete \u0219i tangibile cet\u0103\u021benilor \u0219i companiilor noastre\u201d, a mai spus von der Leyen.<\/p>\n<p>Acest acord elimina tarifele vamale pentru peste 90% din schimburile comerciale \u0219i stimuleaz\u0103 exporturile europene de automobile, utilaje, produse chimice, vinuri \u0219i b\u0103uturi spirtoase. \u00cen schimb, faciliteaz\u0103 accesul pe pia\u021ba european\u0103 pentru carnea, zah\u0103rul, orezul, mierea \u0219i soia din America de Sud.Semnarea sa are loc \u00een contextul \u00een care pre\u0219edintele american Donald Trump a majorat numeroase taxe vamale \u00een ultimul an.<\/p>\n<p>Proteste importante \u00eempotriva acestui tratat au avut loc \u00een mai multe \u021b\u0103ri ale UE, \u00een timp ce mari p\u0103r\u021bi ale societ\u0103\u021bii civile din \u021b\u0103rile Mercosur se opun \u0219i ele acordului.Semnarea acordului este punctul culminant al unei vizite oficiale a pre\u0219edintei Comisiei Europene \u00een America de Sud. \u00cen ajunul ceremoniei, Ursula von der Leyen s-a aflat la Rio de Janeiro, unde s-a \u00eent\u00e2lnit cu pre\u0219edintele Braziliei, Luiz Inacio Lula da Silva. Brazilia este un partener strategic al Uniunii Europene, cooperarea bilateral\u0103 intensific\u00e2ndu-se \u00een ultimii ani \u00een domenii-cheie precum comer\u021bul \u0219i combaterea schimb\u0103rilor climatice.Mercosur este pia\u021ba comun\u0103 sudic\u0103 &#8211; un bloc comercial sud-american \u00eenfiin\u021bat \u00een 1991. Membrii s\u0103i cu drepturi depline sunt Argentina, Brazilia, Paraguay \u0219i Uruguay. Venezuela a aderat \u00een 2012, dar calitatea sa de membru a fost suspendat\u0103 \u00een 2017. \u00cen decembrie 2012, a fost semnat Protocolul de aderare a Boliviei la Mercosur. Acest protocol este \u00een curs de ratificare de c\u0103tre parlamentele \u021b\u0103rilor Mercosur. \u00cempreun\u0103, \u021b\u0103rile Mercosur formeaz\u0103 a 6-a economie ca m\u0103rime din lume, cu o popula\u021bie total\u0103 de 270 de milioane locuitori.<\/p>\n<p><a title=\"Ministrul Economiei, semnatura pe Mercosur fara acord in coalitie. Documentul va fi semnat sambata de sefa Comisiei Europene -SURSE\" href=\"https:\/\/www.realitatea.net\/stiri\/actual\/ministrul-economiei-semnatura-pe-mercosur-fara-acord-in-coalitie-documentul-va-fi-semnat-sambata-de-sefa-comisiei-europene-surse_6967822f7402e54d192e0f22\">Ministrul Economiei, semn\u0103tur\u0103 pe Mercosur f\u0103r\u0103 acord \u00een coali\u021bie. Documentul va fi semnat s\u00e2mb\u0103t\u0103 de \u0219efa Comisiei Europene -SURSE<\/a><\/p>\n<p>Antonio Costa afirm\u0103 c\u0103 acordul UE-Mercosur combate utilizarea comer\u021bului drept \u201darm\u0103 geopolitic\u0103\u201d<\/p>\n<p>Pre\u0219edintele Consiliului European, Antonio Costa, a sus\u021binut s\u00e2mb\u0103t\u0103, \u00een capitala Paraguayului, Asuncion, c\u0103 semnarea acordului \u00eentre Mercosur \u0219i Uniunea European\u0103 este un pariu pentru deschidere \u00een fa\u021ba unilateralismului \u0219i utiliz\u0103rii comer\u021bului drept &#8222;arm\u0103 geopolitic\u0103&#8221;, relateaz\u0103 agen\u021bia EFE.&#8221;Acest acord este un pariu decisiv pentru deschidere, comer\u021b \u0219i cooperare \u00een fa\u021ba izol\u0103rii, a unilateralismului \u0219i utiliz\u0103rii comer\u021bului drept o arm\u0103 geopolitic\u0103&#8221;, a sus \u00eenaltul func\u021bionar european la sediul B\u0103ncii Centrale din Paraguay, unde urma s\u0103 fie semnat acordul, dup\u0103 26 de ani de negocieri.<\/p>\n<p>Costa a sus\u021binut c\u0103, prin acest acord, se trimite &#8222;un mesaj clar lumii&#8221; pentru ap\u0103rarea comer\u021bului liber &#8222;bazat pe reguli&#8221;, a multilateralismului \u0219i a dreptului interna\u021bional &#8222;ca baz\u0103 a rela\u021biilor \u00eentre \u021b\u0103ri \u0219i regiuni&#8221;.El a subliniat, de asemenea, c\u0103 prin acest acord nu se urm\u0103re\u0219te &#8222;generarea de dependen\u021b\u0103&#8221; ci &#8222;crearea unor re\u021bele&#8221; de comer\u021b \u0219i \u00eencredere.&#8221;\u00cen timp ce unii ridic\u0103 bariere \u0219i al\u021bii \u00eencalc\u0103 normele concuren\u021bei loiale, noi construim pun\u021bi \u0219i stabilim reguli, deoarece credem \u00eentr-un comer\u021b corect, puternic, generator de prosperitate, locuri de munc\u0103 \u0219i stabilitate&#8221;, a ad\u0103ugat oficialul european.\u00cen acest sens, a afirmat c\u0103 semnarea acordului este &#8222;un adev\u0103rat moment de referin\u021b\u0103&#8221;, subliniind c\u0103 pactul va ajuta ambele blocuri de \u021b\u0103ri &#8222;s\u0103 navigheze \u00eentr-un mediu geopolitic tot mai turbulent \u0219i s\u0103 fac\u0103 asta f\u0103r\u0103 a renun\u021ba&#8221; la valorile fiec\u0103rei na\u021biuni.<\/p>\n<p><a title=\"Lovitura pentru Ursula von der Leyen. Marile magazine din Austria refuza carnea adusa din Mercosur\" href=\"https:\/\/www.realitatea.net\/stiri\/actual\/lovitura-pentru-ursula-von-der-leyen-marile-magazine-din-austria-refuza-carnea-adusa-din-mercosur_6969396f694f005e92563c57\">Lovitur\u0103 pentru Ursula von der Leyen. Marile magazine din Austria refuz\u0103 carnea adus\u0103 din Mercosur<\/a><\/p>","protected":false},"excerpt":{"rendered":"<p>Acesta este un &#8222;semnal clar \u00een favoarea comer\u021bului interna\u021bional&#8221; \u00eentr-un context de &#8222;tensiuni&#8221;, a declarat,&hellip;<\/p>\n","protected":false},"author":0,"featured_media":58853,"comment_status":"open","ping_status":"open","sticky":false,"template":"","format":"standard","meta":{"footnotes":""},"categories":[2],"tags":[],"class_list":["post-58857","post","type-post","status-publish","format-standard","has-post-thumbnail","hentry","category-actual"],"_links":{"self":[{"href":"https:\/\/247stiri.ro\/index.php\/wp-json\/wp\/v2\/posts\/58857","targetHints":{"allow":["GET"]}}],"collection":[{"href":"https:\/\/247stiri.ro\/index.php\/wp-json\/wp\/v2\/posts"}],"about":[{"href":"https:\/\/247stiri.ro\/index.php\/wp-json\/wp\/v2\/types\/post"}],"replies":[{"embeddable":true,"href":"https:\/\/247stiri.ro\/index.php\/wp-json\/wp\/v2\/comments?post=58857"}],"version-history":[{"count":0,"href":"https:\/\/247stiri.ro\/index.php\/wp-json\/wp\/v2\/posts\/58857\/revisions"}],"wp:featuredmedia":[{"embeddable":true,"href":"https:\/\/247stiri.ro\/index.php\/wp-json\/wp\/v2\/media\/58853"}],"wp:attachment":[{"href":"https:\/\/247stiri.ro\/index.php\/wp-json\/wp\/v2\/media?parent=58857"}],"wp:term":[{"taxonomy":"category","embeddable":true,"href":"https:\/\/247stiri.ro\/index.php\/wp-json\/wp\/v2\/categories?post=58857"},{"taxonomy":"post_tag","embeddable":true,"href":"https:\/\/247stiri.ro\/index.php\/wp-json\/wp\/v2\/tags?post=58857"}],"curies":[{"name":"wp","href":"https:\/\/api.w.org\/{rel}","templated":true}]}}