{"id":58888,"date":"2026-01-18T07:45:42","date_gmt":"2026-01-18T07:45:42","guid":{"rendered":"https:\/\/247stiri.ro\/index.php\/2026\/01\/18\/razboi-in-ucraina-ziua-1-425-volodimir-zelenski-sustine-ca-rusia-pregateste-atacuri-asupra-centralelor-nucleare-ale-ucrainei\/"},"modified":"2026-01-18T07:45:42","modified_gmt":"2026-01-18T07:45:42","slug":"razboi-in-ucraina-ziua-1-425-volodimir-zelenski-sustine-ca-rusia-pregateste-atacuri-asupra-centralelor-nucleare-ale-ucrainei","status":"publish","type":"post","link":"https:\/\/247stiri.ro\/index.php\/2026\/01\/18\/razboi-in-ucraina-ziua-1-425-volodimir-zelenski-sustine-ca-rusia-pregateste-atacuri-asupra-centralelor-nucleare-ale-ucrainei\/","title":{"rendered":"R\u0103zboi \u00een Ucraina, ziua 1.425. Volodimir Zelenski sus\u021bine c\u0103 Rusia preg\u0103te\u015fte atacuri asupra centralelor nucleare ale Ucrainei"},"content":{"rendered":"<p>\u00a0\u201eNu vedem nicio dorin\u0163\u0103 din partea agresorului de a respecta vreun acord sau de a pune cap\u0103t r\u0103zboiului. (&#8230;) Dimpotriv\u0103, exist\u0103 numeroase informa\u0163ii privind preg\u0103tiri pentru noi lovituri ruse\u015fti asupra sectorului nostru energetic \u015fi infrastructurii, inclusiv asupra instala\u0163iilor \u015fi re\u0163elelor care deservesc centralele nucleare. Fiecare astfel de atac rusesc asupra sectorului energetic, \u00een plin\u0103 iarn\u0103 aspr\u0103, sl\u0103be\u015fte \u015fi submineaz\u0103 eforturile statelor-cheie \u2013 \u00een special ale Statelor Unite \u2013 de a pune cap\u0103t acestui r\u0103zboi\u201d, a spus Volodimir Zelenski.\u00a0<\/p>\n<p>Potrivit presei interna\u021bionale, declara\u021biile pre\u0219edintelui Ucrainei au fost f\u0103cute \u00een baza unei inform\u0103ri primite de la \u015feful serviciului ucrainean de informa\u0163ii militare, Oleh Iva\u015fcenko \u2013 recent numit \u00een locul lui Kir\u00eelo Budanov, care a fost desemnat \u015fef al administra\u0163iei preziden\u0163iale. Budanov a confirmat s\u00e2mb\u0103t\u0103 sosirea sa \u00een Statele Unite pentru a discuta propuneri de pace. El, \u00eempreun\u0103 cu negociatorii ucraineni Rustem Umerov \u015fi Dav\u00eed Arakhamia, urmeaz\u0103 s\u0103 se \u00eent\u00e2lneasc\u0103 cu emisarul american Steve Witkoff, cu Jared Kushner \u015fi cu secretarul armatei SUA, Dan Driscoll, a precizat Budanov.<\/p>\n<p>Zelenski a \u00eens\u0103rcinat delega\u0163ia ucrainean\u0103 de la discu\u0163iile din Miami s\u0103 finalizeze propunerile privind garan\u0163iile de securitate \u015fi redresarea economic\u0103. Dac\u0103 oficialii americani le vor aproba, SUA \u015fi Ucraina ar putea semna un acord s\u0103pt\u0103m\u00e2na viitoare, \u00een marja Forumului Economic Mondial de la Davos, Elve\u0163ia, potrivit lui Zelenski.<\/p>","protected":false},"excerpt":{"rendered":"<p>\u00a0\u201eNu vedem nicio dorin\u0163\u0103 din partea agresorului de a respecta vreun acord sau de a&hellip;<\/p>\n","protected":false},"author":0,"featured_media":58887,"comment_status":"open","ping_status":"open","sticky":false,"template":"","format":"standard","meta":{"footnotes":""},"categories":[2],"tags":[],"class_list":["post-58888","post","type-post","status-publish","format-standard","has-post-thumbnail","hentry","category-actual"],"_links":{"self":[{"href":"https:\/\/247stiri.ro\/index.php\/wp-json\/wp\/v2\/posts\/58888","targetHints":{"allow":["GET"]}}],"collection":[{"href":"https:\/\/247stiri.ro\/index.php\/wp-json\/wp\/v2\/posts"}],"about":[{"href":"https:\/\/247stiri.ro\/index.php\/wp-json\/wp\/v2\/types\/post"}],"replies":[{"embeddable":true,"href":"https:\/\/247stiri.ro\/index.php\/wp-json\/wp\/v2\/comments?post=58888"}],"version-history":[{"count":0,"href":"https:\/\/247stiri.ro\/index.php\/wp-json\/wp\/v2\/posts\/58888\/revisions"}],"wp:featuredmedia":[{"embeddable":true,"href":"https:\/\/247stiri.ro\/index.php\/wp-json\/wp\/v2\/media\/58887"}],"wp:attachment":[{"href":"https:\/\/247stiri.ro\/index.php\/wp-json\/wp\/v2\/media?parent=58888"}],"wp:term":[{"taxonomy":"category","embeddable":true,"href":"https:\/\/247stiri.ro\/index.php\/wp-json\/wp\/v2\/categories?post=58888"},{"taxonomy":"post_tag","embeddable":true,"href":"https:\/\/247stiri.ro\/index.php\/wp-json\/wp\/v2\/tags?post=58888"}],"curies":[{"name":"wp","href":"https:\/\/api.w.org\/{rel}","templated":true}]}}