{"id":58905,"date":"2026-01-18T08:44:53","date_gmt":"2026-01-18T08:44:53","guid":{"rendered":"https:\/\/247stiri.ro\/index.php\/2026\/01\/18\/incendiu-urmat-de-explozia-unei-butelii-la-o-placintarie-din-gherla-cladirea-a-fost-complet-distrusa-video\/"},"modified":"2026-01-18T08:44:53","modified_gmt":"2026-01-18T08:44:53","slug":"incendiu-urmat-de-explozia-unei-butelii-la-o-placintarie-din-gherla-cladirea-a-fost-complet-distrusa-video","status":"publish","type":"post","link":"https:\/\/247stiri.ro\/index.php\/2026\/01\/18\/incendiu-urmat-de-explozia-unei-butelii-la-o-placintarie-din-gherla-cladirea-a-fost-complet-distrusa-video\/","title":{"rendered":"Incendiu urmat de explozia unei butelii, la o pl\u0103cint\u0103rie din Gherla. Cl\u0103direa a fost complet distrus\u0103 -VIDEO"},"content":{"rendered":"<p>\u201dPompierii din cadrul Deta\u015famentului Dej intervin \u00een aceste momente pe strada Drago\u015f Vod\u0103 din municipiul Gherla, unde s-a produs un incendiu urmat de o <a href=\"https:\/\/www.realitatea.net\/stiri\/actual\/blocul-din-rahova-ramane-o-ruina-primaria-da-vina-pe-un-proprietar-internat-in-spital-pentru-blocarea-lucrarilor_696bdf01debdab105a46a3e2\" target=\"_blank\">explozie<\/a> la o butelie, fiind distrus\u0103 o pl\u0103cint\u0103rie\u201d, a tranmis ISU Cluj.<\/p>\n<p>Din fericire nu au fost \u00eenregistrate victime, dar pl\u0103cint\u0103ria de aproximativ 10 metri p\u0103tra\u0163i a fost complet distrus\u0103.<\/p>\n<p>Totodat\u0103, au fost \u00eenregistrate pagube la geamurile unor imobile situate \u00een imediata apropiere, precizeaz\u0103 reprezentan\u0163ii ISU.<\/p>\n<p>La fa\u0163a locului a fost mobilizat echipajul de la Punctul de Lucru Gherla, iar \u00een sprijin intervine \u015fi SVSU Gherla.\u00a0<\/p>\n<p>\u201dCel mai probabil, incendiul a izbucnit ini\u0163ial \u00een interior din cauza unei aeroterme. Totodat\u0103, \u00een interior se afla \u015fi respectiva butelie care a explodat\u201d, precizeaz\u0103 ISU Cluj.<\/p>\n<p>\u00a0<\/p>","protected":false},"excerpt":{"rendered":"<p>\u201dPompierii din cadrul Deta\u015famentului Dej intervin \u00een aceste momente pe strada Drago\u015f Vod\u0103 din municipiul&hellip;<\/p>\n","protected":false},"author":0,"featured_media":58906,"comment_status":"open","ping_status":"open","sticky":false,"template":"","format":"standard","meta":{"footnotes":""},"categories":[2],"tags":[],"class_list":["post-58905","post","type-post","status-publish","format-standard","has-post-thumbnail","hentry","category-actual"],"_links":{"self":[{"href":"https:\/\/247stiri.ro\/index.php\/wp-json\/wp\/v2\/posts\/58905","targetHints":{"allow":["GET"]}}],"collection":[{"href":"https:\/\/247stiri.ro\/index.php\/wp-json\/wp\/v2\/posts"}],"about":[{"href":"https:\/\/247stiri.ro\/index.php\/wp-json\/wp\/v2\/types\/post"}],"replies":[{"embeddable":true,"href":"https:\/\/247stiri.ro\/index.php\/wp-json\/wp\/v2\/comments?post=58905"}],"version-history":[{"count":0,"href":"https:\/\/247stiri.ro\/index.php\/wp-json\/wp\/v2\/posts\/58905\/revisions"}],"wp:featuredmedia":[{"embeddable":true,"href":"https:\/\/247stiri.ro\/index.php\/wp-json\/wp\/v2\/media\/58906"}],"wp:attachment":[{"href":"https:\/\/247stiri.ro\/index.php\/wp-json\/wp\/v2\/media?parent=58905"}],"wp:term":[{"taxonomy":"category","embeddable":true,"href":"https:\/\/247stiri.ro\/index.php\/wp-json\/wp\/v2\/categories?post=58905"},{"taxonomy":"post_tag","embeddable":true,"href":"https:\/\/247stiri.ro\/index.php\/wp-json\/wp\/v2\/tags?post=58905"}],"curies":[{"name":"wp","href":"https:\/\/api.w.org\/{rel}","templated":true}]}}