{"id":58914,"date":"2026-01-18T09:45:33","date_gmt":"2026-01-18T09:45:33","guid":{"rendered":"https:\/\/247stiri.ro\/index.php\/2026\/01\/18\/incendiu-masiv-in-giurgiu-provocat-de-un-scurtcircuit-patru-case-de-pe-doua-strazi-mistuite-de-flacari-video\/"},"modified":"2026-01-18T09:45:33","modified_gmt":"2026-01-18T09:45:33","slug":"incendiu-masiv-in-giurgiu-provocat-de-un-scurtcircuit-patru-case-de-pe-doua-strazi-mistuite-de-flacari-video","status":"publish","type":"post","link":"https:\/\/247stiri.ro\/index.php\/2026\/01\/18\/incendiu-masiv-in-giurgiu-provocat-de-un-scurtcircuit-patru-case-de-pe-doua-strazi-mistuite-de-flacari-video\/","title":{"rendered":"Incendiu masiv \u00een Giurgiu provocat de un scurtcircuit. Patru case de pe dou\u0103 str\u0103zi, mistuite de fl\u0103c\u0103ri -VIDEO"},"content":{"rendered":"<p>\u201dISU Giurgiu a fost solicitat s\u0103 intervin\u0103 asear\u0103 pentru stingerea unui incendiu violent care a izbucnit \u00eentr-o gospod\u0103rie de pe strada F\u00e2nt\u00e2nilor din municipiul Giurgiu \u0219i din cauza construc\u021biilor amplasate foarte aproape unele de altele, fl\u0103c\u0103rile s-au extins rapid la alte trei gospod\u0103rii, inclusiv pe strada al\u0103turat\u0103, Mihai Eminescu. La fa\u021ba locului s-au deplasat pompierii din cadrul Deta\u0219amentului Giurgiu \u0219i Punctului de Lucru C\u0103lug\u0103reni, cu patru autospeciale de stingere, o cistern\u0103, o descarcerare, o ambulan\u021b\u0103 SMURD \u0219i poli\u021bia\u201d, a transmis ISU Giurgiu, duminic\u0103 diminea\u021b\u0103.\u00a0<\/p>\n<p>Potrivit reprezentan\u021bilor institu\u021biei, propagarea incendiului a fost favorizat\u0103 de cantitatea mare de materiale combustibile din gospod\u0103rii.<\/p>\n<p>\u201dPagube importante s-au \u00eenregistrat \u0219i la doi dintre vecini, fl\u0103c\u0103rile afect\u00e2nd locuin\u021bele. Au ars acoperi\u0219urile caselor pe o suprafa\u021b\u0103 de 130 de metri p\u0103tra\u021bi fiecare, tavanele \u0219i t\u00e2mpl\u0103ria, deterior\u00e2ndu-se mobilier, articole textile \u0219i alte bunuri. \u00centr-o gospod\u0103rie au ars o magazie \u0219i bunurile din interior, pe o suprafa\u021b\u0103 de aproximativ 30 de metri p\u0103tra\u021bi, iar \u00een alt\u0103 gospod\u0103rie a ars astereala unei magazii pe o suprafa\u021b\u0103 de aproximativ 10 metri p\u0103tra\u021bi \u0219i s-a deteriorat tabla de pe acoperi\u0219, pompierii reu\u0219ind s\u0103 protejeze locuin\u021ba\u201d, au mai spus pompierii.\u00a0<\/p>\n<p>Cauza probabil\u0103 de producere a incendiului a fost scurtcircuitul.<\/p>","protected":false},"excerpt":{"rendered":"<p>\u201dISU Giurgiu a fost solicitat s\u0103 intervin\u0103 asear\u0103 pentru stingerea unui incendiu violent care a&hellip;<\/p>\n","protected":false},"author":0,"featured_media":58915,"comment_status":"open","ping_status":"open","sticky":false,"template":"","format":"standard","meta":{"footnotes":""},"categories":[2],"tags":[],"class_list":["post-58914","post","type-post","status-publish","format-standard","has-post-thumbnail","hentry","category-actual"],"_links":{"self":[{"href":"https:\/\/247stiri.ro\/index.php\/wp-json\/wp\/v2\/posts\/58914","targetHints":{"allow":["GET"]}}],"collection":[{"href":"https:\/\/247stiri.ro\/index.php\/wp-json\/wp\/v2\/posts"}],"about":[{"href":"https:\/\/247stiri.ro\/index.php\/wp-json\/wp\/v2\/types\/post"}],"replies":[{"embeddable":true,"href":"https:\/\/247stiri.ro\/index.php\/wp-json\/wp\/v2\/comments?post=58914"}],"version-history":[{"count":0,"href":"https:\/\/247stiri.ro\/index.php\/wp-json\/wp\/v2\/posts\/58914\/revisions"}],"wp:featuredmedia":[{"embeddable":true,"href":"https:\/\/247stiri.ro\/index.php\/wp-json\/wp\/v2\/media\/58915"}],"wp:attachment":[{"href":"https:\/\/247stiri.ro\/index.php\/wp-json\/wp\/v2\/media?parent=58914"}],"wp:term":[{"taxonomy":"category","embeddable":true,"href":"https:\/\/247stiri.ro\/index.php\/wp-json\/wp\/v2\/categories?post=58914"},{"taxonomy":"post_tag","embeddable":true,"href":"https:\/\/247stiri.ro\/index.php\/wp-json\/wp\/v2\/tags?post=58914"}],"curies":[{"name":"wp","href":"https:\/\/api.w.org\/{rel}","templated":true}]}}