{"id":58916,"date":"2026-01-18T09:45:34","date_gmt":"2026-01-18T09:45:34","guid":{"rendered":"https:\/\/247stiri.ro\/index.php\/2026\/01\/18\/momente-de-panica-la-paris-20-de-persoane-au-fost-ranite-dupa-ce-un-apartament-s-a-prabusit-video\/"},"modified":"2026-01-18T09:45:34","modified_gmt":"2026-01-18T09:45:34","slug":"momente-de-panica-la-paris-20-de-persoane-au-fost-ranite-dupa-ce-un-apartament-s-a-prabusit-video","status":"publish","type":"post","link":"https:\/\/247stiri.ro\/index.php\/2026\/01\/18\/momente-de-panica-la-paris-20-de-persoane-au-fost-ranite-dupa-ce-un-apartament-s-a-prabusit-video\/","title":{"rendered":"Momente de panic\u0103 la Paris. 20 de persoane au fost r\u0103nite, dup\u0103 ce un apartament s-a pr\u0103bu\u0219it-VIDEO"},"content":{"rendered":"<p>Din primele informa\u021bii, pr\u0103bu\u015firea ar fi legat\u0103 de o problem\u0103 la structura blocului \u015fi nu are leg\u0103tur\u0103 cu o scurgere de <a href=\"https:\/\/www.realitatea.net\/stiri\/actual\/incendiu-urmat-de-explozia-unei-butelii-la-o-placintarie-din-gherla-cladirea-a-fost-complet-distrusa_696c929005d0023715630b62\" target=\"_blank\">gaze,<\/a> au precizat autorit\u0103\u021bile. Oamenii speria\u021bi au r\u0103mas bloca\u021bi printre d\u0103r\u00e2m\u0103turi.\u00a0<\/p>\n<p>O persoan\u0103 se afl\u0103 \u00een stare grav\u0103, iar alte 19 au suferit r\u0103ni u\u0219oare, \u0219i au fost transportate la spital.<\/p>\n<p>Ancheta este \u00een desf\u0103\u0219urare, iar speciali\u0219tii analizeaz\u0103 dac\u0103 imobilul mai prezint\u0103 pericol pentru locatari sau pentru trec\u0103tori.\u00a0<\/p>\n<p>\ud83d\udea8ALERTE INFO | Effondrement d\u2019un \u00e9tage dans un immeuble de la rue Amelot (XIe arrondissement de Paris) vers minuit, dans la nuit de samedi \u00e0 dimanche.Plusieurs personnes ont \u00e9t\u00e9 bless\u00e9es, dont au moins une en urgence absolue.Un important dispositif de secours est d\u00e9ploy\u00e9 sur\u2026 <a href=\"https:\/\/t.co\/pDAPJBPvdv\">pic.twitter.com\/pDAPJBPvdv<\/a><\/p>\n<p>\u2014 Cpasdeslol (@cpasdeslol_X) <a href=\"https:\/\/twitter.com\/cpasdeslol_X\/status\/2012699365509398670?ref_src=twsrc%5Etfw\">January 18, 2026<\/a><\/p>","protected":false},"excerpt":{"rendered":"<p>Din primele informa\u021bii, pr\u0103bu\u015firea ar fi legat\u0103 de o problem\u0103 la structura blocului \u015fi nu&hellip;<\/p>\n","protected":false},"author":0,"featured_media":58911,"comment_status":"open","ping_status":"open","sticky":false,"template":"","format":"standard","meta":{"footnotes":""},"categories":[2],"tags":[],"class_list":["post-58916","post","type-post","status-publish","format-standard","has-post-thumbnail","hentry","category-actual"],"_links":{"self":[{"href":"https:\/\/247stiri.ro\/index.php\/wp-json\/wp\/v2\/posts\/58916","targetHints":{"allow":["GET"]}}],"collection":[{"href":"https:\/\/247stiri.ro\/index.php\/wp-json\/wp\/v2\/posts"}],"about":[{"href":"https:\/\/247stiri.ro\/index.php\/wp-json\/wp\/v2\/types\/post"}],"replies":[{"embeddable":true,"href":"https:\/\/247stiri.ro\/index.php\/wp-json\/wp\/v2\/comments?post=58916"}],"version-history":[{"count":0,"href":"https:\/\/247stiri.ro\/index.php\/wp-json\/wp\/v2\/posts\/58916\/revisions"}],"wp:featuredmedia":[{"embeddable":true,"href":"https:\/\/247stiri.ro\/index.php\/wp-json\/wp\/v2\/media\/58911"}],"wp:attachment":[{"href":"https:\/\/247stiri.ro\/index.php\/wp-json\/wp\/v2\/media?parent=58916"}],"wp:term":[{"taxonomy":"category","embeddable":true,"href":"https:\/\/247stiri.ro\/index.php\/wp-json\/wp\/v2\/categories?post=58916"},{"taxonomy":"post_tag","embeddable":true,"href":"https:\/\/247stiri.ro\/index.php\/wp-json\/wp\/v2\/tags?post=58916"}],"curies":[{"name":"wp","href":"https:\/\/api.w.org\/{rel}","templated":true}]}}