{"id":58935,"date":"2026-01-18T12:45:04","date_gmt":"2026-01-18T12:45:04","guid":{"rendered":"https:\/\/247stiri.ro\/index.php\/2026\/01\/18\/romania-are-cea-mai-scumpa-energie-din-europa-dumitru-chisalita-dezvaluie-ce-varianta-au-romanii-pentru-facturi-mai-mici-video\/"},"modified":"2026-01-18T12:45:04","modified_gmt":"2026-01-18T12:45:04","slug":"romania-are-cea-mai-scumpa-energie-din-europa-dumitru-chisalita-dezvaluie-ce-varianta-au-romanii-pentru-facturi-mai-mici-video","status":"publish","type":"post","link":"https:\/\/247stiri.ro\/index.php\/2026\/01\/18\/romania-are-cea-mai-scumpa-energie-din-europa-dumitru-chisalita-dezvaluie-ce-varianta-au-romanii-pentru-facturi-mai-mici-video\/","title":{"rendered":"Rom\u00e2nia are cea mai scump\u0103 energie din Europa. Dumitru Chis\u0103li\u021b\u0103 dezv\u0103luie ce variant\u0103 au rom\u00e2nii pentru facturi mai mici -VIDEO"},"content":{"rendered":"<p>\u201dEste foarte important s\u0103 trecem peste ceea ce au \u00eensemnat diverse situa\u021bii \u00een care anumi\u021bi furnizori nu s-au comportat \u00eentr-un mod corespunz\u0103tor cu consumatorii \u0219i au creat o anumit\u0103 fric\u0103 la nivelul acestora, \u0219i s\u0103 ne orient\u0103m c\u0103tre unii furnizori care, \u00eentr-adev\u0103r, vin cu oferte serioase, care vin cu ni\u0219te elemente care pot s\u0103 ne ajute pe noi.<\/p>\n<p>Mai ales acum, \u00een pragul iernii, c\u00e2nd, din p\u0103cate, foarte mul\u021bi consumatori din Rom\u00e2nia au fost nevoi\u021bi s\u0103 apeleze la <a href=\"https:\/\/www.realitatea.net\/stiri\/actual\/romania-dependenta-de-gazul-din-ungaria-desi-are-cea-mare-productie-de-gaz-din-ue-romania-este-vulnerabili-la-primul-ger-expert-in-energie_696caeb72b9a84572f40d9ec\" target=\"_blank\">energia<\/a> electric\u0103, energie electric\u0103 care, de departe, este cea mai scump\u0103 form\u0103 pentru a ne \u00eenc\u0103lzi. \u0218i printr-o astfel de ofert\u0103 se poate reduce impactul a ceea ce ar \u00eensemna folosirea energiei electrice pentru \u00eenc\u0103lzire\u201d, a declarat Dumitru Chis\u0103li\u021b\u0103, pre\u0219edinte Asocia\u021bia Energia Inteligent\u0103.<\/p>\n<p>\u00a0<\/p>","protected":false},"excerpt":{"rendered":"<p>\u201dEste foarte important s\u0103 trecem peste ceea ce au \u00eensemnat diverse situa\u021bii \u00een care anumi\u021bi&hellip;<\/p>\n","protected":false},"author":0,"featured_media":58936,"comment_status":"open","ping_status":"open","sticky":false,"template":"","format":"standard","meta":{"footnotes":""},"categories":[2],"tags":[],"class_list":["post-58935","post","type-post","status-publish","format-standard","has-post-thumbnail","hentry","category-actual"],"_links":{"self":[{"href":"https:\/\/247stiri.ro\/index.php\/wp-json\/wp\/v2\/posts\/58935","targetHints":{"allow":["GET"]}}],"collection":[{"href":"https:\/\/247stiri.ro\/index.php\/wp-json\/wp\/v2\/posts"}],"about":[{"href":"https:\/\/247stiri.ro\/index.php\/wp-json\/wp\/v2\/types\/post"}],"replies":[{"embeddable":true,"href":"https:\/\/247stiri.ro\/index.php\/wp-json\/wp\/v2\/comments?post=58935"}],"version-history":[{"count":0,"href":"https:\/\/247stiri.ro\/index.php\/wp-json\/wp\/v2\/posts\/58935\/revisions"}],"wp:featuredmedia":[{"embeddable":true,"href":"https:\/\/247stiri.ro\/index.php\/wp-json\/wp\/v2\/media\/58936"}],"wp:attachment":[{"href":"https:\/\/247stiri.ro\/index.php\/wp-json\/wp\/v2\/media?parent=58935"}],"wp:term":[{"taxonomy":"category","embeddable":true,"href":"https:\/\/247stiri.ro\/index.php\/wp-json\/wp\/v2\/categories?post=58935"},{"taxonomy":"post_tag","embeddable":true,"href":"https:\/\/247stiri.ro\/index.php\/wp-json\/wp\/v2\/tags?post=58935"}],"curies":[{"name":"wp","href":"https:\/\/api.w.org\/{rel}","templated":true}]}}