{"id":58942,"date":"2026-01-18T13:45:22","date_gmt":"2026-01-18T13:45:22","guid":{"rendered":"https:\/\/247stiri.ro\/index.php\/2026\/01\/18\/momente-halucinante-la-botosani-bolojan-a-fugit-de-romanii-cu-dizabilitati-pe-care-i-a-umilit\/"},"modified":"2026-01-18T13:45:22","modified_gmt":"2026-01-18T13:45:22","slug":"momente-halucinante-la-botosani-bolojan-a-fugit-de-romanii-cu-dizabilitati-pe-care-i-a-umilit","status":"publish","type":"post","link":"https:\/\/247stiri.ro\/index.php\/2026\/01\/18\/momente-halucinante-la-botosani-bolojan-a-fugit-de-romanii-cu-dizabilitati-pe-care-i-a-umilit\/","title":{"rendered":"Momente halucinante la Boto\u0219ani. Bolojan a fugit de rom\u00e2nii cu dizabilit\u0103\u021bi pe care i-a umilit"},"content":{"rendered":"<p>\u201dSuntem o parte din p\u0103rin\u021bii care au copii cu dizabilit\u0103\u021bi, cu nevoi educa\u021bionale speciale, la \u0218coala Special\u0103 \u201eSf\u00e2ntul Stelian\u201d Boto\u0219ani. Noi am venit aici \u00een speran\u021ba c\u0103 acest memoriu pe care l-am trimis la toate ministerele, \u0219i institu\u021biile de stat, \u0219i institu\u021biile locale, sper\u0103m s\u0103 putem s\u0103-l \u00eenm\u00e2n\u0103m personal \u0219i domnului <a href=\"https:\/\/www.realitatea.net\/stiri\/actual\/ilie-bolojan-huiduit-pentru-a-doua-zi-consecutiv-protest-la-botosani-dupa-scandalul-de-la-iasi-video_696b5b85c6f11c25bd0465f2\" target=\"_blank\">prim-ministru.<\/a><\/p>\n<p>S\u0103 reu\u0219im prin aceast\u0103 solicitare \u0219i direct\u0103 s\u0103 se deblocheze fondurile pentru renovarea \u0219colii speciale. Copiii de la \u0219coala special\u0103 stau \u00een dou\u0103 loca\u021bii improprii. S-au f\u0103cut numai decopert\u0103ri, nu exist\u0103 acoperi\u0219, este \u00een degradare major\u0103\u201d, a declarat o m\u0103mic\u0103.\u00a0<\/p>\n<p>O alt\u0103 femeie a subliniat c\u0103 p\u00e2n\u0103 acum \u201ds-a mers pe principiul \u0103sta: \u00abLas\u0103 c\u0103 ei oricum nu \u0219tiu, le d\u0103m ce vrem noi\u00bb. \u0218i pentru&#8230; s\u0103 ne \u00een\u021belegem cumva vizavi de taxele \u0219i impozitele care ne-au fost&#8230; ajutorul care ne-a fost suprimat.\u201d<\/p>","protected":false},"excerpt":{"rendered":"<p>\u201dSuntem o parte din p\u0103rin\u021bii care au copii cu dizabilit\u0103\u021bi, cu nevoi educa\u021bionale speciale, la&hellip;<\/p>\n","protected":false},"author":0,"featured_media":58943,"comment_status":"open","ping_status":"open","sticky":false,"template":"","format":"standard","meta":{"footnotes":""},"categories":[2],"tags":[],"class_list":["post-58942","post","type-post","status-publish","format-standard","has-post-thumbnail","hentry","category-actual"],"_links":{"self":[{"href":"https:\/\/247stiri.ro\/index.php\/wp-json\/wp\/v2\/posts\/58942","targetHints":{"allow":["GET"]}}],"collection":[{"href":"https:\/\/247stiri.ro\/index.php\/wp-json\/wp\/v2\/posts"}],"about":[{"href":"https:\/\/247stiri.ro\/index.php\/wp-json\/wp\/v2\/types\/post"}],"replies":[{"embeddable":true,"href":"https:\/\/247stiri.ro\/index.php\/wp-json\/wp\/v2\/comments?post=58942"}],"version-history":[{"count":0,"href":"https:\/\/247stiri.ro\/index.php\/wp-json\/wp\/v2\/posts\/58942\/revisions"}],"wp:featuredmedia":[{"embeddable":true,"href":"https:\/\/247stiri.ro\/index.php\/wp-json\/wp\/v2\/media\/58943"}],"wp:attachment":[{"href":"https:\/\/247stiri.ro\/index.php\/wp-json\/wp\/v2\/media?parent=58942"}],"wp:term":[{"taxonomy":"category","embeddable":true,"href":"https:\/\/247stiri.ro\/index.php\/wp-json\/wp\/v2\/categories?post=58942"},{"taxonomy":"post_tag","embeddable":true,"href":"https:\/\/247stiri.ro\/index.php\/wp-json\/wp\/v2\/tags?post=58942"}],"curies":[{"name":"wp","href":"https:\/\/api.w.org\/{rel}","templated":true}]}}