{"id":58944,"date":"2026-01-18T13:45:23","date_gmt":"2026-01-18T13:45:23","guid":{"rendered":"https:\/\/247stiri.ro\/index.php\/2026\/01\/18\/zeci-de-mii-de-locuitori-din-craiova-ingheata-de-frig-in-propriile-case-olguta-vasilescu-bolojan-sa-repare-centrala-tine-de-guvern-video\/"},"modified":"2026-01-18T13:45:23","modified_gmt":"2026-01-18T13:45:23","slug":"zeci-de-mii-de-locuitori-din-craiova-ingheata-de-frig-in-propriile-case-olguta-vasilescu-bolojan-sa-repare-centrala-tine-de-guvern-video","status":"publish","type":"post","link":"https:\/\/247stiri.ro\/index.php\/2026\/01\/18\/zeci-de-mii-de-locuitori-din-craiova-ingheata-de-frig-in-propriile-case-olguta-vasilescu-bolojan-sa-repare-centrala-tine-de-guvern-video\/","title":{"rendered":"Zeci de mii de locuitori din Craiova \u00eenghea\u021b\u0103 de frig \u00een propriile case. Olgu\u021ba Vasilescu: \u201dBolojan s\u0103 repare centrala, \u021bine de Guvern\u201d-VIDEO"},"content":{"rendered":"<p>\u201dSunt aici \u00eempreun\u0103 cu mai mul\u021bi pre\u0219edin\u021bi de asocia\u021bii de proprietari pentru a-l face pe domnul Ilie Bolojan s\u0103 con\u0219tientizeze c\u0103 aceast\u0103 central\u0103 \u00eei apar\u021bine. Aceast\u0103 central\u0103 apar\u021bine Guvernului Rom\u00e2niei \u0219i nu Prim\u0103riei Craiova. \u00cen aceast\u0103 central\u0103 nu poate s\u0103 fac\u0103 investi\u021bii dec\u00e2t Guvernul Rom\u00e2niei.<\/p>\n<p>\u00cen urm\u0103 cu c\u00e2teva luni, ministrul Energiei a solicitat, prin memorandum Guvernului Rom\u00e2niei, suma de 350 de milioane de lei pentru a face repara\u021bii. Domnul Ilie Bolojan a considerat c\u0103 nu este important\u0103 aceast\u0103 societate, a considerat c\u0103 este o gaur\u0103 neagr\u0103 \u00een care nu mai trebuie s\u0103 investeasc\u0103. Aceast\u0103 societate asigur\u0103 \u00eenc\u0103lzirea ora\u0219ului Craiova&#8221;, a declarat Lia Olgu\u021ba Vasilescu.\u00a0<\/p>\n<p>\u00a0<\/p>","protected":false},"excerpt":{"rendered":"<p>\u201dSunt aici \u00eempreun\u0103 cu mai mul\u021bi pre\u0219edin\u021bi de asocia\u021bii de proprietari pentru a-l face pe&hellip;<\/p>\n","protected":false},"author":0,"featured_media":0,"comment_status":"open","ping_status":"open","sticky":false,"template":"","format":"standard","meta":{"footnotes":""},"categories":[2],"tags":[],"class_list":["post-58944","post","type-post","status-publish","format-standard","hentry","category-actual"],"_links":{"self":[{"href":"https:\/\/247stiri.ro\/index.php\/wp-json\/wp\/v2\/posts\/58944","targetHints":{"allow":["GET"]}}],"collection":[{"href":"https:\/\/247stiri.ro\/index.php\/wp-json\/wp\/v2\/posts"}],"about":[{"href":"https:\/\/247stiri.ro\/index.php\/wp-json\/wp\/v2\/types\/post"}],"replies":[{"embeddable":true,"href":"https:\/\/247stiri.ro\/index.php\/wp-json\/wp\/v2\/comments?post=58944"}],"version-history":[{"count":0,"href":"https:\/\/247stiri.ro\/index.php\/wp-json\/wp\/v2\/posts\/58944\/revisions"}],"wp:attachment":[{"href":"https:\/\/247stiri.ro\/index.php\/wp-json\/wp\/v2\/media?parent=58944"}],"wp:term":[{"taxonomy":"category","embeddable":true,"href":"https:\/\/247stiri.ro\/index.php\/wp-json\/wp\/v2\/categories?post=58944"},{"taxonomy":"post_tag","embeddable":true,"href":"https:\/\/247stiri.ro\/index.php\/wp-json\/wp\/v2\/tags?post=58944"}],"curies":[{"name":"wp","href":"https:\/\/api.w.org\/{rel}","templated":true}]}}