{"id":58961,"date":"2026-01-18T15:45:09","date_gmt":"2026-01-18T15:45:09","guid":{"rendered":"https:\/\/247stiri.ro\/index.php\/2026\/01\/18\/olguta-vasilescu-mesaj-transant-pentru-bolojan-daca-nici-macar-aceasta-suma-nu-o-da-inseamna-ca-este-sabotaj-si-ca-intentionat-face-acest-lucru\/"},"modified":"2026-01-18T15:45:09","modified_gmt":"2026-01-18T15:45:09","slug":"olguta-vasilescu-mesaj-transant-pentru-bolojan-daca-nici-macar-aceasta-suma-nu-o-da-inseamna-ca-este-sabotaj-si-ca-intentionat-face-acest-lucru","status":"publish","type":"post","link":"https:\/\/247stiri.ro\/index.php\/2026\/01\/18\/olguta-vasilescu-mesaj-transant-pentru-bolojan-daca-nici-macar-aceasta-suma-nu-o-da-inseamna-ca-este-sabotaj-si-ca-intentionat-face-acest-lucru\/","title":{"rendered":"Olgu\u021ba Vasilescu, mesaj tran\u0219ant pentru Bolojan: \u201eDac\u0103 nici m\u0103car aceast\u0103 sum\u0103 nu o d\u0103, \u00eenseamn\u0103 c\u0103 este sabotaj \u0219i c\u0103 inten\u021bionat face acest lucru\u201d"},"content":{"rendered":"<p>Realitatea Plus: A\u021bi intrat \u00eentr-un adev\u0103rat scandal cu Ilie Bolojan pentru c\u0103 i-a\u021bi cerut s\u0103 repare centrala care d\u0103 c\u0103ldur\u0103 locuitorilor ora\u0219ului. C\u00e2t de grav\u0103 este situa\u021bia, spune\u021bi c\u0103 ora\u0219ul risc\u0103 s\u0103 intre \u00een criz\u0103 energetic\u0103, ce r\u0103spuns a\u021bi primit de la Ilie Bolojan?<\/p>\n<p>Lia Olgu\u021ba Vasilescu: \u00cen primul r\u00e2nd a\u0219 vrea s\u0103 fac o precizare foarte important\u0103. Aceast\u0103 central\u0103 apar\u021bine de guvern. Deci nu Olgu\u021ba Vasilescu sau Prim\u0103ria Craiovei sau cet\u0103\u021benii Craiovei cer un ban de la Ilie Bolojan, ci Ilie Bolojan are obliga\u021bia s\u0103 repare aceast\u0103 central\u0103 care este \u00een curtea proprie. \u0218i din p\u0103cate anul acesta este singurul an din ultimii 30 \u00een care guvernul nu a alocat fonduri pentru repara\u021bii la propria central\u0103. Ministrul Ivan a f\u0103cut acum c\u00e2teva luni un memorandum prin care a solicitat suma de 350 de milioane de lei, bani pentru repara\u021bii, pentru c\u0103rbune, pentru trei cazane care ar trebui puse \u00een func\u021biune ca \u0219i variant\u0103 de rezerv\u0103 \u00een cazul \u00een care se defecteaz\u0103 cele dou\u0103 grupuri energetice, iar domnul Ilie Bolojan a refuzat s\u0103 aloce ace\u0219ti bani pe motiv c\u0103 este o gaur\u0103 neagr\u0103. O gaur\u0103 neagr\u0103 care este a guvernului Rom\u00e2niei, nu a Prim\u0103riei Craiova, care alimenteaz\u0103 \u00eens\u0103 30.000 de familii din municipiul Craiova \u0219i, aten\u021bie, firma Ford, care este cel mai mare al doilea exportator al Rom\u00e2niei \u0219i la fel al doilea pl\u0103titor de taxe din Rom\u00e2nia. \u00cen momentul \u00een care aceast\u0103 central\u0103 a \u00eenceput s\u0103 dea rateuri anul acesta, \u0219i este normal, pentru c\u0103, repet, este primul an \u00een care nu se aloc\u0103 bani de repara\u021bii, v\u0103 da\u021bi seama c\u0103 \u0219i firma Ford a trebuit s\u0103 \u00ee\u0219i \u00eentrerup\u0103 produc\u021bia de ma\u0219ini.<\/p>\n<p>Acum este \u00eenc\u0103 o variant\u0103. Este o solicitare, din nou memorandum, a ministrului Energiei, care se pune pe masa guvernului pentru o sum\u0103 modic\u0103 de 50 de milioane de lei doar pentru achizi\u021bia celor trei cazane. Eu am spus, nu este o sum\u0103 mare nici m\u0103car pentru Prim\u0103ria Craiova, banii \u0103\u0219tia i-am putea avea \u0219i noi, dar\u0103mite Guvernul Rom\u00e2niei, \u00eens\u0103 noi nu putem s\u0103 investim bani aici, pentru c\u0103 legal nu avem voie, nu este centrala noastr\u0103, este a guvernului \u0219i este obliga\u021bia lui s\u0103 fac\u0103 repara\u021bii la aceast\u0103 central\u0103.<\/p>\n<p>Memorandumul va fi s\u0103pt\u0103m\u00e2na viitoare pe masa guvernului. A\u0219tept \u0219i eu s\u0103 v\u0103d ce se \u00eent\u00e2mpl\u0103. Pentru c\u0103 dac\u0103 nici m\u0103car aceast\u0103 sum\u0103 de 50 de milioane nu este \u00een stare s\u0103 o dea, repet, pentru propria central\u0103, pentru repara\u021bii, \u00eenseamn\u0103 c\u0103 este sabotaj \u0219i c\u0103 inten\u021bionat face acest lucru. Altfel nu \u00eemi explic. Am v\u0103zut toat\u0103 propaganda rezist, azi aliniat\u0103, spun\u00e2nd c\u0103 Prim\u0103ria Craiova a avut bani de becule\u021be pentru T\u00e2rgul de Cr\u0103ciun, dar nu are pentru c\u0103ldur\u0103. Nu are nimic una cu alta. Prim\u0103ria a investit pentru un t\u00e2rg de Cr\u0103ciun care a fost un succes, prim\u0103ria nu poate investi \u00eentr-o central\u0103 care asigur\u0103 \u00eenc\u0103lzirea pentru c\u0103 nu este a ei.<\/p>\n<p>Anul acesta am avut 5 defec\u021biuni la aceast\u0103 central\u0103. 5 defec\u021biuni care au durat \u0219i 24 de ore, poate \u0219i mai mult. V\u0103 da\u021bi seama c\u0103 la gerul acesta, nefiind f\u0103cute repara\u021biile uzuale anuale, automat cele dou\u0103 grupuri energetice se defecteaz\u0103. A\u0219a cum s-a \u00eent\u00e2mplat \u0219i cum se va mai \u00eent\u00e2mpla probabil, dac\u0103 nu exist\u0103 aceast\u0103 variant\u0103 de rezerv\u0103 cu cazanele. Crede\u021bi-m\u0103 c\u0103 de un an de zile s\u0103pt\u0103m\u00e2nal stau la Ministerul Energiei s\u0103 discut\u0103m cu ei. Am luat acum decizia de a ie\u0219i de sub controlul guvernului, am scos la licita\u021bie centrala proprie a prim\u0103riei tocmai ca s\u0103 nu mai depindem de ei. Pentru c\u0103 uite, \u00ee\u021bi vine un prim-ministru de felul domnului Bolojan care zice \u201enu mai vreau s\u0103 investesc \u00een central\u0103\u201d, de\u0219i e centrala lui, nu e a Olgu\u021bei. \u00cen condi\u021biile \u00een care el, ca primar al municipiului Oradea, a luat foarte mul\u021bi bani de data asta pentru centrala prim\u0103riei. \u00centr-o singur\u0103 iarn\u0103 a luat de la guvern 36 de miliarde de euro, atunci nu era o gaur\u0103 neagr\u0103, acum este, pentru c\u0103 era vorba de Craiova.<\/p>\n<p><a title='Lia Olguta Vasilescu, atac dur la Ilie Bolojan: ,,Romania este gestionata prost, guvernul ia banii localitatilor si ii duce la centru\"' href=\"https:\/\/www.realitatea.net\/stiri\/actual\/lia-olguta-vasilescu-atac-dur-la-ilie-bolojan-romania-este-gestionata-prost-guvernul-ia-banii-localitatilor-si-ii-duce-la-centru_69627080087b4c34706dec02\">Lia Olgu\u021ba Vasilescu, atac dur la Ilie Bolojan: \u201eRom\u00e2nia este gestionat\u0103 prost, guvernul ia banii localit\u0103\u021bilor \u0219i \u00eei duce la centru\u201d<\/a><\/p>","protected":false},"excerpt":{"rendered":"<p>Realitatea Plus: A\u021bi intrat \u00eentr-un adev\u0103rat scandal cu Ilie Bolojan pentru c\u0103 i-a\u021bi cerut s\u0103&hellip;<\/p>\n","protected":false},"author":0,"featured_media":58962,"comment_status":"open","ping_status":"open","sticky":false,"template":"","format":"standard","meta":{"footnotes":""},"categories":[2],"tags":[],"class_list":["post-58961","post","type-post","status-publish","format-standard","has-post-thumbnail","hentry","category-actual"],"_links":{"self":[{"href":"https:\/\/247stiri.ro\/index.php\/wp-json\/wp\/v2\/posts\/58961","targetHints":{"allow":["GET"]}}],"collection":[{"href":"https:\/\/247stiri.ro\/index.php\/wp-json\/wp\/v2\/posts"}],"about":[{"href":"https:\/\/247stiri.ro\/index.php\/wp-json\/wp\/v2\/types\/post"}],"replies":[{"embeddable":true,"href":"https:\/\/247stiri.ro\/index.php\/wp-json\/wp\/v2\/comments?post=58961"}],"version-history":[{"count":0,"href":"https:\/\/247stiri.ro\/index.php\/wp-json\/wp\/v2\/posts\/58961\/revisions"}],"wp:featuredmedia":[{"embeddable":true,"href":"https:\/\/247stiri.ro\/index.php\/wp-json\/wp\/v2\/media\/58962"}],"wp:attachment":[{"href":"https:\/\/247stiri.ro\/index.php\/wp-json\/wp\/v2\/media?parent=58961"}],"wp:term":[{"taxonomy":"category","embeddable":true,"href":"https:\/\/247stiri.ro\/index.php\/wp-json\/wp\/v2\/categories?post=58961"},{"taxonomy":"post_tag","embeddable":true,"href":"https:\/\/247stiri.ro\/index.php\/wp-json\/wp\/v2\/tags?post=58961"}],"curies":[{"name":"wp","href":"https:\/\/api.w.org\/{rel}","templated":true}]}}