{"id":58963,"date":"2026-01-18T15:45:11","date_gmt":"2026-01-18T15:45:11","guid":{"rendered":"https:\/\/247stiri.ro\/index.php\/2026\/01\/18\/nicusor-dan-prima-reactie-la-haosul-de-pe-scena-internationala-dupa-ce-dupa-ce-trump-a-pus-europa-sub-presiune-din-cauza-groenlandei\/"},"modified":"2026-01-18T15:45:11","modified_gmt":"2026-01-18T15:45:11","slug":"nicusor-dan-prima-reactie-la-haosul-de-pe-scena-internationala-dupa-ce-dupa-ce-trump-a-pus-europa-sub-presiune-din-cauza-groenlandei","status":"publish","type":"post","link":"https:\/\/247stiri.ro\/index.php\/2026\/01\/18\/nicusor-dan-prima-reactie-la-haosul-de-pe-scena-internationala-dupa-ce-dupa-ce-trump-a-pus-europa-sub-presiune-din-cauza-groenlandei\/","title":{"rendered":"Nicu\u0219or Dan, prima reac\u021bie la haosul de pe scena interna\u021bional\u0103, dup\u0103 ce dup\u0103 ce Trump a pus Europa sub presiune din cauza Groenlandei"},"content":{"rendered":"<p>Pre\u0219edintele Nicu\u0219or Dan a scris duminic\u0103, \u00eentr-o postare pe re\u021beaua de socializare X, c\u0103 prive\u0219te cu nelini\u0219te evolu\u021bia schimburilor de declara\u021bii dintre partenerii transatlantici, \u00een contextul inten\u021biei pre\u0219edintelui american Donald Trump de a introduce taxe vamale mai ridicate pentru statele care sus\u021bin Groenlanda. \u0218eful statului a subliniat necesitatea relu\u0103rii dialogului pe canale diplomatice.<\/p>\n<p>\u201eSunt profund \u00eengrijorat de escaladarea declara\u021biilor publice dintre partenerii \u0219i alia\u021bii transatlantici cu privire la evolu\u021biile recente. Trebuie s\u0103 relu\u0103m discu\u021biile directe \u00eentre noi, la nivelurile diplomatice corespunz\u0103toare\u201d, a scris Nicu\u0219or Dan pe pagina sa de X.<\/p>\n<p>I am deeply concerned by the escalation in public statements between transatlantic partners and allies regarding recent developments. We have to resume talking directly to each other, at the appropriate diplomatic levels.<\/p>\n<p>\u2014 Nicu\u0219or Dan (@NicusorDanRO) <a href=\"https:\/\/twitter.com\/NicusorDanRO\/status\/2012898741720670522?ref_src=twsrc%5Etfw\">January 18, 2026<\/a>Contextul reac\u021biei venite de la Bucure\u0219ti<\/p>\n<p>Pozi\u021bia exprimat\u0103 de pre\u0219edintele Rom\u00e2niei a fost formulat\u0103 la o zi dup\u0103 ce Donald Trump a anun\u021bat m\u0103suri comerciale \u00eempotriva Europei, invoc\u00e2nd refuzul unor state de a accepta ca Groenlanda s\u0103 fie cedat\u0103 Statelor Unite. Germania, Fran\u021ba \u0219i Marea Britanie au fost men\u021bionate explicit printre \u021b\u0103rile vizate de aceste decizii, al\u0103turi de alte guverne europene incluse pe lista prezentat\u0103 de liderul de la Casa Alb\u0103.<\/p>\n<p>\u021a\u0103rile europene men\u021bionate de administra\u021bia american\u0103<\/p>\n<p>Printre statele aflate \u00een aten\u021bia Washingtonului se num\u0103r\u0103 Germania, Marea Britanie \u0219i Fran\u021ba, al\u0103turi de alte guverne europene indicate \u00een declara\u021biile publice ale pre\u0219edintelui american. Aceste \u021b\u0103ri sunt vizate de m\u0103suri comerciale ca urmare a pozi\u021biei lor fa\u021b\u0103 de Groenlanda.<\/p>\n<p><a title=\"Conflictul SUA-UE explodeaza. Trump loveste Europa cu taxe pentru refuzul de a preda Groenlanda. Germania, Franta si Marea Britanie, pe lista neagra\" href=\"https:\/\/www.realitatea.net\/stiri\/actual\/conflictul-uesua-explodeaza-trump-loveste-europa-cu-taxe-pentru-refuzul-de-a-preda-groenlanda-germania-franta-si-marea-britanie-pe-lista-neagra_696bc5fc04682f30d22207b4\">Conflictul SUA-UE explodeaz\u0103. Trump love\u0219te Europa cu taxe pentru refuzul de a preda Groenlanda.\u00a0<\/a><\/p>\n<p>Anun\u021bul lui Donald Trump \u0219i detaliile tarifelor<\/p>\n<p>Donald Trump a comunicat c\u0103 Statele Unite vor introduce tarife vamale de 10% pentru opt \u021b\u0103ri europene care se opun ideii ca Groenlanda s\u0103 ajung\u0103 sub control american. Mesajul a fost publicat pe platforma Truth Social, unde pre\u0219edintele american a enumerat statele afectate \u0219i a formulat acuza\u021bii directe. Conform preciz\u0103rilor f\u0103cute, taxele de 10% vor fi aplicate tuturor bunurilor exportate de aceste \u021b\u0103ri c\u0103tre pia\u021ba american\u0103 \u00eencep\u00e2nd cu 1 februarie. Totodat\u0103, a fost anun\u021bat\u0103 o etap\u0103 ulterioar\u0103 de majorare, urm\u00e2nd ca, de la 1 iunie, nivelul tarifelor s\u0103 ajung\u0103 la 25%.<\/p>\n<p>Referirile la negocieri \u0219i rolul Groenlandei<\/p>\n<p>\u00cen finalul post\u0103rii sale, Donald Trump a men\u021bionat posibilitatea deschiderii unor discu\u021bii diplomatice cu statele vizate. \u00cen acela\u0219i mesaj, liderul american a adus \u00een discu\u021bie importan\u021ba Domului de Aur (Golden Dome) \u0219i rolul considerat crucial al Groenlandei \u00een cadrul acestui sistem.<\/p>\n<p>Declara\u021bia comun\u0103 de sprijin pentru Groenlanda<\/p>\n<p>Opt \u021b\u0103ri europene au transmis duminic\u0103 o declara\u021bie comun\u0103 de solidaritate cu Groenlanda, dup\u0103 amenin\u021b\u0103rile pre\u0219edintelui american Donald Trump privind anexarea insulei arctice de c\u0103tre SUA, potrivit Reuters. \u201eCa membri ai NATO, ne-am angajat s\u0103 \u00eent\u0103rim securitatea \u00een Arctica, \u00een interesul transatlantic comun\u201d, au transmis Finlanda, Fran\u021ba, Germania, Norvegia, Olanda, Regatul Unit \u0219i Suedia, \u00eentr-un comunicat comun semnat al\u0103turi de Danemarca.<\/p>\n<p>Pozi\u021bia statelor semnatare fa\u021b\u0103 de taxele vamale<\/p>\n<p>\u00cen acela\u0219i document, statele semnatare au f\u0103cut referire la efectele anun\u021bului formulat de Donald Trump s\u00e2mb\u0103t\u0103, privind introducerea, de la 1 februarie, a unor taxe vamale suplimentare de zece procente. \u201eAmenin\u021b\u0103rile cu taxe vamale submineaz\u0103 rela\u021biile transatlantice \u0219i prezint\u0103 riscul unei spirale descendente periculoase\u201d, au ar\u0103tat guvernele europene \u00een declara\u021bia comun\u0103.<\/p>\n<p><a title=\"Judecatorul CCR numit de Nicusor Dan ar fi incompatibil. Dacian Dragos, reprezentantul unei companii franceze in Romania\" href=\"https:\/\/www.realitatea.net\/stiri\/actual\/judecatorul-ccr-numit-de-nicusor-dan-ar-fi-incompatibil-dacian-dragos-reprezentantul-unei-companii-franceze-in-romania_696957206693582ceb51b232\">Judec\u0103torul CCR numit de Nicu\u0219or Dan ar fi incompatibil. Dacian Drago\u0219, reprezentantul unei companii franceze \u00een Rom\u00e2nia<\/a><\/p>","protected":false},"excerpt":{"rendered":"<p>Pre\u0219edintele Nicu\u0219or Dan a scris duminic\u0103, \u00eentr-o postare pe re\u021beaua de socializare X, c\u0103 prive\u0219te&hellip;<\/p>\n","protected":false},"author":0,"featured_media":58960,"comment_status":"open","ping_status":"open","sticky":false,"template":"","format":"standard","meta":{"footnotes":""},"categories":[2],"tags":[],"class_list":["post-58963","post","type-post","status-publish","format-standard","has-post-thumbnail","hentry","category-actual"],"_links":{"self":[{"href":"https:\/\/247stiri.ro\/index.php\/wp-json\/wp\/v2\/posts\/58963","targetHints":{"allow":["GET"]}}],"collection":[{"href":"https:\/\/247stiri.ro\/index.php\/wp-json\/wp\/v2\/posts"}],"about":[{"href":"https:\/\/247stiri.ro\/index.php\/wp-json\/wp\/v2\/types\/post"}],"replies":[{"embeddable":true,"href":"https:\/\/247stiri.ro\/index.php\/wp-json\/wp\/v2\/comments?post=58963"}],"version-history":[{"count":0,"href":"https:\/\/247stiri.ro\/index.php\/wp-json\/wp\/v2\/posts\/58963\/revisions"}],"wp:featuredmedia":[{"embeddable":true,"href":"https:\/\/247stiri.ro\/index.php\/wp-json\/wp\/v2\/media\/58960"}],"wp:attachment":[{"href":"https:\/\/247stiri.ro\/index.php\/wp-json\/wp\/v2\/media?parent=58963"}],"wp:term":[{"taxonomy":"category","embeddable":true,"href":"https:\/\/247stiri.ro\/index.php\/wp-json\/wp\/v2\/categories?post=58963"},{"taxonomy":"post_tag","embeddable":true,"href":"https:\/\/247stiri.ro\/index.php\/wp-json\/wp\/v2\/tags?post=58963"}],"curies":[{"name":"wp","href":"https:\/\/api.w.org\/{rel}","templated":true}]}}