{"id":58971,"date":"2026-01-18T16:45:35","date_gmt":"2026-01-18T16:45:35","guid":{"rendered":"https:\/\/247stiri.ro\/index.php\/2026\/01\/18\/un-indian-salveaza-copilul-subprefectul-rezist-sta-pe-margine-si-filmeaza-apoi-se-lauda-pe-retelele-de-socializare-video\/"},"modified":"2026-01-18T16:45:35","modified_gmt":"2026-01-18T16:45:35","slug":"un-indian-salveaza-copilul-subprefectul-rezist-sta-pe-margine-si-filmeaza-apoi-se-lauda-pe-retelele-de-socializare-video","status":"publish","type":"post","link":"https:\/\/247stiri.ro\/index.php\/2026\/01\/18\/un-indian-salveaza-copilul-subprefectul-rezist-sta-pe-margine-si-filmeaza-apoi-se-lauda-pe-retelele-de-socializare-video\/","title":{"rendered":"Un indian salveaz\u0103 copilul, subprefectul rezist st\u0103 pe margine \u0219i filmeaz\u0103, apoi se laud\u0103 pe re\u021belele de socializare. VIDEO"},"content":{"rendered":"<p>Subprefectul jude\u021bului Dolj, Eugen C\u0103linoiu, a fost prezent \u00een zon\u0103 \u00een momentul incidentului \u0219i a filmat opera\u021biunea de salvare, post\u00e2nd fragmentele pe pagina sa de socializare.<\/p>\n<p>\u201eAst\u0103zi am fost martor la ac\u0163iunea de salvare a unei feti\u0163e \u00een Parcul Nicolae Romanescu, pe lacul par\u0163ial \u00eenghe\u0163at, \u00een condi\u0163ii extrem de dificile, dar empatia \u015fi implicarea celor care se aflau la plimbare \u015fi a institu\u0163iilor din cadrul ISU, SMURD, POLI\u0162IE au salvat via\u0163a unui copil. Cel mai important aspect este faptul c\u0103 primul care ajunge la feti\u0163\u0103, prin apa \u00eenghe\u0163at\u0103 \u015fi care o \u0163ine \u00een bra\u0163e timp de 30 minute, este un OM pe care eu l-am identificat, la urcare \u00een ambulan\u0163\u0103, ca fiind de origine asiatic\u0103, probabil un muncitor migrant, dar care \u015fi-a riscat via\u0163a pentru a salva un copil rom\u00e2n de la moarte. Empatia nu are limite \u015fi nu \u0163ine de origine, ci de cum ne trat\u0103m semenii\u201d, a afirmat Eugen C\u0103linoiu.<\/p>\n\n<p>Reac\u021biile critice ale cet\u0103\u021benilor<\/p>\n<p>Postarea subprefectului a st\u00e2rnit reac\u021bii critice \u00een comentariile publicate, mul\u021bi utilizatori repro\u0219\u00e2ndu-i c\u0103 a filmat, dar nu a intervenit direct. \u201eCe ru\u0219ine s\u0103 stai \u0219i s\u0103 filmezi, \u00een timp ce al\u021bii \u0219i-au riscat s\u0103n\u0103tatea, poate chiar via\u021ba\u201d, a scris un internaut, iar altul a ad\u0103ugat ironic: \u201e\u021aara asta are nevoie de mai mul\u021bi oameni ca dumneavoastr\u0103, gata s\u0103 filmeze de pe margine o dram\u0103\u201d. Un alt comentator l-a felicitat sarcastic pentru \u201eeroismul\u201d de care a dat dovad\u0103: \u201eBravo pentru eroismul de care a\u021bi dat dovad\u0103! Adic\u0103, e nevoie de s\u00e2nge rece \u0219i spirit de sacrificiu, s\u0103 po\u021bi filma o astfel de scen\u0103 f\u0103r\u0103 s\u0103 \u00ee\u021bi tremure m\u00e2na, la sub zero grade \u00een aer\u201d.<\/p>\n<p>Solicit\u0103rile pentru recompensarea salvatorului<\/p>\n<p>Mul\u021bi cet\u0103\u021beni au cerut ca b\u0103rbatul care a intervenit s\u0103 fie recompensat pentru gestul s\u0103u curajos. Printre propuneri se num\u0103r\u0103 acordarea titlului de cet\u0103\u021bean de onoare al ora\u0219ului Craiova sau chiar ob\u021binerea cet\u0103\u021beniei rom\u00e2ne, ca recunoa\u0219tere a implic\u0103rii sale.<\/p>\n<p>Detalii despre salvarea feti\u021bei<\/p>\n<p>Feti\u021ba de cinci ani a c\u0103zut \u00een lacul din parcul Nicolae Romanescu \u0219i a fost salvat\u0103 dup\u0103 ce indianul a intrat \u00een ap\u0103, \u021bin\u00e2nd copilul \u00een bra\u021be p\u00e2n\u0103 la sosirea pompierilor. Alte cinci persoane au \u00eencercat s\u0103 o aduc\u0103 la mal, \u00eens\u0103 eforturile lor nu au fost suficiente. \u00cen cele din urm\u0103, echipele de interven\u021bie au preluat copilul \u0219i l-au transportat la spital pentru evalu\u0103ri suplimentare.<\/p>\n<p><a title=\"Misiune contracronometru in municipiul Craiova. Un copil de cinci ani a cazut in lacul inghetat din parcul Romanescu \" href=\"https:\/\/www.realitatea.net\/stiri\/actual\/alerta-in-municipiul-craiova-un-copil-de-cinci-ani-a-cazut-in-lacul-inghetat-din-parcul-romanescu_696b95370cb689145a2c5bd2\">Misiune contracronometru \u00een municipiul Craiova. Un copil de cinci ani a c\u0103zut \u00een lacul \u00eenghe\u021bat din parcul Romanescu<\/a><\/p>","protected":false},"excerpt":{"rendered":"<p>Subprefectul jude\u021bului Dolj, Eugen C\u0103linoiu, a fost prezent \u00een zon\u0103 \u00een momentul incidentului \u0219i a&hellip;<\/p>\n","protected":false},"author":0,"featured_media":58972,"comment_status":"open","ping_status":"open","sticky":false,"template":"","format":"standard","meta":{"footnotes":""},"categories":[2],"tags":[],"class_list":["post-58971","post","type-post","status-publish","format-standard","has-post-thumbnail","hentry","category-actual"],"_links":{"self":[{"href":"https:\/\/247stiri.ro\/index.php\/wp-json\/wp\/v2\/posts\/58971","targetHints":{"allow":["GET"]}}],"collection":[{"href":"https:\/\/247stiri.ro\/index.php\/wp-json\/wp\/v2\/posts"}],"about":[{"href":"https:\/\/247stiri.ro\/index.php\/wp-json\/wp\/v2\/types\/post"}],"replies":[{"embeddable":true,"href":"https:\/\/247stiri.ro\/index.php\/wp-json\/wp\/v2\/comments?post=58971"}],"version-history":[{"count":0,"href":"https:\/\/247stiri.ro\/index.php\/wp-json\/wp\/v2\/posts\/58971\/revisions"}],"wp:featuredmedia":[{"embeddable":true,"href":"https:\/\/247stiri.ro\/index.php\/wp-json\/wp\/v2\/media\/58972"}],"wp:attachment":[{"href":"https:\/\/247stiri.ro\/index.php\/wp-json\/wp\/v2\/media?parent=58971"}],"wp:term":[{"taxonomy":"category","embeddable":true,"href":"https:\/\/247stiri.ro\/index.php\/wp-json\/wp\/v2\/categories?post=58971"},{"taxonomy":"post_tag","embeddable":true,"href":"https:\/\/247stiri.ro\/index.php\/wp-json\/wp\/v2\/tags?post=58971"}],"curies":[{"name":"wp","href":"https:\/\/api.w.org\/{rel}","templated":true}]}}