{"id":59062,"date":"2026-01-19T07:44:59","date_gmt":"2026-01-19T07:44:59","guid":{"rendered":"https:\/\/247stiri.ro\/index.php\/2026\/01\/19\/nicusor-dan-s-a-facut-de-ras-din-proprie-initiativa-traian-basescu-il-desfiinteaza-pe-presedinte-dupa-umilinta-de-pe-aeroportul-din-paris-o-imagine-groaznica-pentru-romania\/"},"modified":"2026-01-19T07:44:59","modified_gmt":"2026-01-19T07:44:59","slug":"nicusor-dan-s-a-facut-de-ras-din-proprie-initiativa-traian-basescu-il-desfiinteaza-pe-presedinte-dupa-umilinta-de-pe-aeroportul-din-paris-o-imagine-groaznica-pentru-romania","status":"publish","type":"post","link":"https:\/\/247stiri.ro\/index.php\/2026\/01\/19\/nicusor-dan-s-a-facut-de-ras-din-proprie-initiativa-traian-basescu-il-desfiinteaza-pe-presedinte-dupa-umilinta-de-pe-aeroportul-din-paris-o-imagine-groaznica-pentru-romania\/","title":{"rendered":"Nicu\u0219or Dan s-a f\u0103cut de r\u00e2s din proprie ini\u021biativ\u0103. Traian B\u0103sescu \u00eel desfiin\u021beaz\u0103 pe pre\u0219edinte dup\u0103 umilin\u021ba de pe aeroportul din Paris: \u201eO imagine groaznic\u0103 pentru Rom\u00e2nia\u201d"},"content":{"rendered":"<p>El a criticat \u0219i stilul de lucru al actualului pre\u0219edinte, compar\u00e2ndu-l cu cel al lui Klaus Iohannis: \u201eUite c\u0103 Nicu\u0219or Dan, ca de altfel \u00een al doilea mandat \u015fi domnul Iohannis demonstreaz\u0103 c\u0103 se poate interpreta Constitu\u0163ia \u015fi \u00een aceste feluri, adic\u0103 cu o minim\u0103 implicare \u00een problemele Executivului.\u201d<\/p>\n<p>Traian B\u0103sescu confirm\u0103 c\u0103 Nicu\u0219or Dan s-a f\u0103cut de ru\u0219ine din proprie ini\u021biativ\u0103<\/p>\n<p>B\u0103sescu a explicat c\u0103, \u00een locul lui, ar fi gestionat situa\u021bia diferit \u0219i nu ar fi r\u0103mas blocat pe aeroport: \u201eSincer, eu a\u015f fi mai implicat, nici nu a\u015f r\u0103m\u00e2ne pe un aeroport s\u0103 stau s\u0103 a\u015ftept p\u00e2n\u0103 trece, p\u00e2n\u0103 poate s\u0103 decoleze un avion\u201d, a declarat fostul pre\u0219edinte citat de Realitatea Plus.<\/p>\n<p>\u00centrebat ce ar fi f\u0103cut \u00een acea situa\u021bie, fostul pre\u0219edinte a r\u0103spuns:<\/p>\n<p>\u201eNu se putea s\u0103 mi se \u00eent\u00e2mple asta. Venea cineva la hotel \u015fi \u00eemi spunea, domnul pre\u015fedinte, nu putem pleca cu Spartanul, am chemat, vine de la Tarom, un Boeing, un Airbus, care e primul avion \u015fi ne ia \u00eentr-o or\u0103 jum\u0103tate s\u0103 plec\u0103m. Asta e o imagine groaznic\u0103 pentru Rom\u00e2nia, groaznic\u0103.\u201d<\/p>\n<p>El a ad\u0103ugat c\u0103 este convins c\u0103 pre\u0219edintelui i-au fost prezentate alternative, dar c\u0103 Nicu\u0219or Dan \u201eprobabil a g\u00e2ndit c\u0103 vrea s\u0103 se \u00eentoarc\u0103 cu acela\u0219i avion\u201d.<\/p>","protected":false},"excerpt":{"rendered":"<p>El a criticat \u0219i stilul de lucru al actualului pre\u0219edinte, compar\u00e2ndu-l cu cel al lui&hellip;<\/p>\n","protected":false},"author":0,"featured_media":59063,"comment_status":"open","ping_status":"open","sticky":false,"template":"","format":"standard","meta":{"footnotes":""},"categories":[3],"tags":[],"class_list":["post-59062","post","type-post","status-publish","format-standard","has-post-thumbnail","hentry","category-politica"],"_links":{"self":[{"href":"https:\/\/247stiri.ro\/index.php\/wp-json\/wp\/v2\/posts\/59062","targetHints":{"allow":["GET"]}}],"collection":[{"href":"https:\/\/247stiri.ro\/index.php\/wp-json\/wp\/v2\/posts"}],"about":[{"href":"https:\/\/247stiri.ro\/index.php\/wp-json\/wp\/v2\/types\/post"}],"replies":[{"embeddable":true,"href":"https:\/\/247stiri.ro\/index.php\/wp-json\/wp\/v2\/comments?post=59062"}],"version-history":[{"count":0,"href":"https:\/\/247stiri.ro\/index.php\/wp-json\/wp\/v2\/posts\/59062\/revisions"}],"wp:featuredmedia":[{"embeddable":true,"href":"https:\/\/247stiri.ro\/index.php\/wp-json\/wp\/v2\/media\/59063"}],"wp:attachment":[{"href":"https:\/\/247stiri.ro\/index.php\/wp-json\/wp\/v2\/media?parent=59062"}],"wp:term":[{"taxonomy":"category","embeddable":true,"href":"https:\/\/247stiri.ro\/index.php\/wp-json\/wp\/v2\/categories?post=59062"},{"taxonomy":"post_tag","embeddable":true,"href":"https:\/\/247stiri.ro\/index.php\/wp-json\/wp\/v2\/tags?post=59062"}],"curies":[{"name":"wp","href":"https:\/\/api.w.org\/{rel}","templated":true}]}}