{"id":59097,"date":"2026-01-19T09:45:27","date_gmt":"2026-01-19T09:45:27","guid":{"rendered":"https:\/\/247stiri.ro\/index.php\/2026\/01\/19\/revolta-totala-fata-de-austeritatea-lui-bolojan-sindicatele-din-trei-ramuri-vitale-pregatesc-proteste-uriase\/"},"modified":"2026-01-19T09:45:27","modified_gmt":"2026-01-19T09:45:27","slug":"revolta-totala-fata-de-austeritatea-lui-bolojan-sindicatele-din-trei-ramuri-vitale-pregatesc-proteste-uriase","status":"publish","type":"post","link":"https:\/\/247stiri.ro\/index.php\/2026\/01\/19\/revolta-totala-fata-de-austeritatea-lui-bolojan-sindicatele-din-trei-ramuri-vitale-pregatesc-proteste-uriase\/","title":{"rendered":"Revolt\u0103 total\u0103 fa\u021b\u0103 de austeritatea lui Bolojan. Sindicatele din trei ramuri vitale preg\u0103tesc proteste uria\u0219e"},"content":{"rendered":"<p>Sindicali\u0219tii sunt preg\u0103ti\u021bi s\u0103 blocheze \u021bara dac\u0103 Guvernul merge mai departe cu proiectul care prevede concedieri \u0219i reduceri de salarii. 13.000 de posturi ar urma s\u0103 dispar\u0103 la nivel na\u021bional. Realitatea PLUS a analizat reformele anun\u021bate de premierul Ilie Bolojan.<\/p>\n<p>GUVERNUL PREG\u0102TE\u0218TE CONCEDIERI, CE PREVEDE REFORMA<\/p>\n<p>&#8211; reducerea cheltuielilor \u00een administra\u021bia local\u0103 cu 10%- primarii decid dac\u0103 e vorba de concedieri sau reduceri salariale &#8211; sageata CU ROSU- 13.000 de posturi- desfiin\u021barea a 6.102 posturi de consilieri personali- reducerea cu 25% a posturilor din institu\u021biile prefectului- reducerea personalului din poli\u021bia local\u0103, \u00een func\u021bie de num\u0103rul de locuitori- cheltuielile de personal din cadrul ministerelor cu excep\u021bia cheltuielilor de personal aferente unit\u0103\u021bilor \u0219i institu\u021biilor din \u00eenv\u0103\u021b\u0103m\u00e2ntul preuniversitar de stat se reduc cu 10%- ordonatorii principali de credite pot stabili procente mai mari sau mai mici de 10% pe fiecare ordonator de credite, \u00eens\u0103 reducerea cumulat\u0103 \u00een anul 2026 a cheltuielilor de personal trebuie s\u0103 fie de 10%SURSA: Proiectul pus \u00een transparen\u021b\u0103\u00a0<\/p>","protected":false},"excerpt":{"rendered":"<p>Sindicali\u0219tii sunt preg\u0103ti\u021bi s\u0103 blocheze \u021bara dac\u0103 Guvernul merge mai departe cu proiectul care prevede&hellip;<\/p>\n","protected":false},"author":0,"featured_media":59098,"comment_status":"open","ping_status":"open","sticky":false,"template":"","format":"standard","meta":{"footnotes":""},"categories":[2],"tags":[],"class_list":["post-59097","post","type-post","status-publish","format-standard","has-post-thumbnail","hentry","category-actual"],"_links":{"self":[{"href":"https:\/\/247stiri.ro\/index.php\/wp-json\/wp\/v2\/posts\/59097","targetHints":{"allow":["GET"]}}],"collection":[{"href":"https:\/\/247stiri.ro\/index.php\/wp-json\/wp\/v2\/posts"}],"about":[{"href":"https:\/\/247stiri.ro\/index.php\/wp-json\/wp\/v2\/types\/post"}],"replies":[{"embeddable":true,"href":"https:\/\/247stiri.ro\/index.php\/wp-json\/wp\/v2\/comments?post=59097"}],"version-history":[{"count":0,"href":"https:\/\/247stiri.ro\/index.php\/wp-json\/wp\/v2\/posts\/59097\/revisions"}],"wp:featuredmedia":[{"embeddable":true,"href":"https:\/\/247stiri.ro\/index.php\/wp-json\/wp\/v2\/media\/59098"}],"wp:attachment":[{"href":"https:\/\/247stiri.ro\/index.php\/wp-json\/wp\/v2\/media?parent=59097"}],"wp:term":[{"taxonomy":"category","embeddable":true,"href":"https:\/\/247stiri.ro\/index.php\/wp-json\/wp\/v2\/categories?post=59097"},{"taxonomy":"post_tag","embeddable":true,"href":"https:\/\/247stiri.ro\/index.php\/wp-json\/wp\/v2\/tags?post=59097"}],"curies":[{"name":"wp","href":"https:\/\/api.w.org\/{rel}","templated":true}]}}