{"id":59099,"date":"2026-01-19T09:45:28","date_gmt":"2026-01-19T09:45:28","guid":{"rendered":"https:\/\/247stiri.ro\/index.php\/2026\/01\/19\/agricultorii-romani-protesteaza-maine-la-strasbourg-impotriva-acordului-ue-mercosur\/"},"modified":"2026-01-19T09:45:28","modified_gmt":"2026-01-19T09:45:28","slug":"agricultorii-romani-protesteaza-maine-la-strasbourg-impotriva-acordului-ue-mercosur","status":"publish","type":"post","link":"https:\/\/247stiri.ro\/index.php\/2026\/01\/19\/agricultorii-romani-protesteaza-maine-la-strasbourg-impotriva-acordului-ue-mercosur\/","title":{"rendered":"Agricultorii rom\u00e2ni protesteaz\u0103 m\u00e2ine la Strasbourg \u00eempotriva acordului UE\u2013Mercosur"},"content":{"rendered":"<p>Fermierii sus\u021bin c\u0103 \u00een forma actual\u0103, \u00een\u021belegerea deschide pia\u021ba european\u0103 pentru produse agricole ieftine din America de Sud, \u00een timp ce produc\u0103torii europeni r\u0103m\u00e2n sufoca\u021bi de costuri, reguli stricte \u0219i concuren\u021b\u0103 considerat\u0103 neloial\u0103.<\/p>\n<p>Reprezentan\u021bii agricultorilor cer un comer\u021b echitabil \u0219i transparent, avertiz\u00e2nd c\u0103 actualele condi\u021bii \u00eei dezavantajeaz\u0103 grav \u0219i le pun \u00een pericol supravie\u021buirea economic\u0103. Ei spun c\u0103 nu se opun comer\u021bului interna\u021bional, \u00eens\u0103 solicit\u0103 reguli uniforme pentru to\u021bi produc\u0103torii, indiferent de origine, precum \u0219i garan\u021bii c\u0103 standardele europene nu vor fi subminate.<\/p>\n<p>\u00cen paralel, mai mul\u021bi europarlamentari au solicitat un aviz din partea Cur\u021bii de Justi\u021biei a Uniunii Europene privind compatibilitatea acordului cu tratatele Europene.\u00a0 \u00cen cazul \u00een care avizul ob\u021binut va fi unul negativ, atunci acordul nu poate intra \u00een vigoare dec\u00e2t dac\u0103 este modificat. \u00centre timp, \u00een plenul Parlamentului European va fi dezb\u0103tut\u0103 mo\u021biunea de cenzur\u0103 \u00eempotriva Comisiei Europene. Votul va fi dat joi, iar pentru a trece e nevoie de dou\u0103 treimi din voturile exprimate.\u00a0<\/p>\n<p>\u00a0<\/p>","protected":false},"excerpt":{"rendered":"<p>Fermierii sus\u021bin c\u0103 \u00een forma actual\u0103, \u00een\u021belegerea deschide pia\u021ba european\u0103 pentru produse agricole ieftine din&hellip;<\/p>\n","protected":false},"author":0,"featured_media":59100,"comment_status":"open","ping_status":"open","sticky":false,"template":"","format":"standard","meta":{"footnotes":""},"categories":[2],"tags":[],"class_list":["post-59099","post","type-post","status-publish","format-standard","has-post-thumbnail","hentry","category-actual"],"_links":{"self":[{"href":"https:\/\/247stiri.ro\/index.php\/wp-json\/wp\/v2\/posts\/59099","targetHints":{"allow":["GET"]}}],"collection":[{"href":"https:\/\/247stiri.ro\/index.php\/wp-json\/wp\/v2\/posts"}],"about":[{"href":"https:\/\/247stiri.ro\/index.php\/wp-json\/wp\/v2\/types\/post"}],"replies":[{"embeddable":true,"href":"https:\/\/247stiri.ro\/index.php\/wp-json\/wp\/v2\/comments?post=59099"}],"version-history":[{"count":0,"href":"https:\/\/247stiri.ro\/index.php\/wp-json\/wp\/v2\/posts\/59099\/revisions"}],"wp:featuredmedia":[{"embeddable":true,"href":"https:\/\/247stiri.ro\/index.php\/wp-json\/wp\/v2\/media\/59100"}],"wp:attachment":[{"href":"https:\/\/247stiri.ro\/index.php\/wp-json\/wp\/v2\/media?parent=59099"}],"wp:term":[{"taxonomy":"category","embeddable":true,"href":"https:\/\/247stiri.ro\/index.php\/wp-json\/wp\/v2\/categories?post=59099"},{"taxonomy":"post_tag","embeddable":true,"href":"https:\/\/247stiri.ro\/index.php\/wp-json\/wp\/v2\/tags?post=59099"}],"curies":[{"name":"wp","href":"https:\/\/api.w.org\/{rel}","templated":true}]}}