{"id":59101,"date":"2026-01-19T09:45:30","date_gmt":"2026-01-19T09:45:30","guid":{"rendered":"https:\/\/247stiri.ro\/index.php\/2026\/01\/19\/cand-sunt-mosii-de-iarna-2026-ce-trebuie-sa-stie-toti-credinciosii\/"},"modified":"2026-01-19T09:45:30","modified_gmt":"2026-01-19T09:45:30","slug":"cand-sunt-mosii-de-iarna-2026-ce-trebuie-sa-stie-toti-credinciosii","status":"publish","type":"post","link":"https:\/\/247stiri.ro\/index.php\/2026\/01\/19\/cand-sunt-mosii-de-iarna-2026-ce-trebuie-sa-stie-toti-credinciosii\/","title":{"rendered":"C\u00e2nd sunt mo\u0219ii de iarn\u0103 2026. Ce trebuie s\u0103 \u0219tie to\u021bi credincio\u0219ii"},"content":{"rendered":"<p>Data la care se pr\u0103znuiesc mo\u0219ii de iarn\u0103 \u00een 2026 a fost stabilit\u0103 de c\u0103tre Biserica Ortodox\u0103 pentru ziua de 14 februarie, c\u00e2nd sunt cinsti\u021bi to\u021bi cei care au plecat dintre noi \u0219i c\u00e2nd este bine s\u0103 mergem la slujbele de pomenire de la biseric\u0103.<\/p>\n<p>Mo\u0219ii de iarn\u0103 2026, s\u00e2mb\u0103ta \u00eenchinat\u0103 mor\u021bilor<\/p>\n<p>Anul acesta, mo\u0219ii de iarn\u0103 vor fi pomeni\u021bi cu o s\u0103pt\u0103m\u00e2n\u0103 \u00eenainte de a intra \u00een Postul cel mare al Pa\u0219telui. A\u0219adar, mo\u0219ii de iarn\u0103 sau s\u00e2mb\u0103ta mor\u021bilor de iarn\u0103, din data de 14 februarie, a fost stabilit\u0103 chiar \u00eenainte de duminica \u00een care se las\u0103 sec de carne, dup\u0103 care urmeaz\u0103 s\u0103pt\u0103m\u00e2na br\u00e2nzei \u0219i se intr\u0103 \u00een Postul Pa\u0219telui.<\/p>\n<p>Aceasta este tradi\u021bia bisericeasc\u0103 din fiecare an. Mo\u0219ii de iarn\u0103 se \u021bin \u00eenainte de L\u0103sata secului de carne. Biserica a r\u00e2nduit \u00een fiecare anotimp o s\u00e2mb\u0103t\u0103 anume pentru a ne cinsti mo\u0219ii \u0219i str\u0103bunii pleca\u021bi pe lumea cealalt\u0103. S\u00e2mb\u0103ta este ziua \u00een care Iisus a stat \u00een morm\u00e2nt cu trupul, dar sufletul lui se crede c\u0103 a plecat \u00een lumea cealalt\u0103, \u00een gheena iadului, pentru a salva sufletele celor care s-au poc\u0103it.<\/p>\n<p>Anul acesta, prima s\u00e2mb\u0103t\u0103 \u00eenchinat\u0103 mor\u021bilor va fi data de 14 februarie, care are \u00een popor o mul\u021bime de tradi\u021bii \u0219i obiceiuri.<\/p>\n<p><a href=\"https:\/\/www.realitatea.net\/stiri\/actual\/sarbatoare-19-ianuarie-sfantul-macarie-egipteanul-cruce-neagra-in-calendar_696dbbaeb22dcb7e9a2d2f42\" target=\"_blank\">S\u0103rb\u0103toare 19 ianuarie. Sf\u00e2ntul Macarie Egipteanul. Cruce neagr\u0103 \u00een calendar<\/a><\/p>","protected":false},"excerpt":{"rendered":"<p>Data la care se pr\u0103znuiesc mo\u0219ii de iarn\u0103 \u00een 2026 a fost stabilit\u0103 de c\u0103tre&hellip;<\/p>\n","protected":false},"author":0,"featured_media":59096,"comment_status":"open","ping_status":"open","sticky":false,"template":"","format":"standard","meta":{"footnotes":""},"categories":[2],"tags":[],"class_list":["post-59101","post","type-post","status-publish","format-standard","has-post-thumbnail","hentry","category-actual"],"_links":{"self":[{"href":"https:\/\/247stiri.ro\/index.php\/wp-json\/wp\/v2\/posts\/59101","targetHints":{"allow":["GET"]}}],"collection":[{"href":"https:\/\/247stiri.ro\/index.php\/wp-json\/wp\/v2\/posts"}],"about":[{"href":"https:\/\/247stiri.ro\/index.php\/wp-json\/wp\/v2\/types\/post"}],"replies":[{"embeddable":true,"href":"https:\/\/247stiri.ro\/index.php\/wp-json\/wp\/v2\/comments?post=59101"}],"version-history":[{"count":0,"href":"https:\/\/247stiri.ro\/index.php\/wp-json\/wp\/v2\/posts\/59101\/revisions"}],"wp:featuredmedia":[{"embeddable":true,"href":"https:\/\/247stiri.ro\/index.php\/wp-json\/wp\/v2\/media\/59096"}],"wp:attachment":[{"href":"https:\/\/247stiri.ro\/index.php\/wp-json\/wp\/v2\/media?parent=59101"}],"wp:term":[{"taxonomy":"category","embeddable":true,"href":"https:\/\/247stiri.ro\/index.php\/wp-json\/wp\/v2\/categories?post=59101"},{"taxonomy":"post_tag","embeddable":true,"href":"https:\/\/247stiri.ro\/index.php\/wp-json\/wp\/v2\/tags?post=59101"}],"curies":[{"name":"wp","href":"https:\/\/api.w.org\/{rel}","templated":true}]}}