{"id":59104,"date":"2026-01-19T09:45:31","date_gmt":"2026-01-19T09:45:31","guid":{"rendered":"https:\/\/247stiri.ro\/index.php\/2026\/01\/19\/accident-grav-pe-autostrada-soarelui-un-tir-s-a-rasturnat-traficul-catre-constanta-este-blocat\/"},"modified":"2026-01-19T09:45:31","modified_gmt":"2026-01-19T09:45:31","slug":"accident-grav-pe-autostrada-soarelui-un-tir-s-a-rasturnat-traficul-catre-constanta-este-blocat","status":"publish","type":"post","link":"https:\/\/247stiri.ro\/index.php\/2026\/01\/19\/accident-grav-pe-autostrada-soarelui-un-tir-s-a-rasturnat-traficul-catre-constanta-este-blocat\/","title":{"rendered":"Accident grav pe Autostrada Soarelui. Un TIR s-a r\u0103sturnat, traficul c\u0103tre Constan\u021ba este blocat"},"content":{"rendered":"<p>UPDATE<\/p>\n<p>Un accident rutier s-a produs luni diminea\u021b\u0103, 19 ianuarie 2026, pe autostrada A2 Bucure\u0219ti\u2013Constan\u021ba, la kilometrul 139, pe sensul de mers spre litoral, \u00een apropierea localit\u0103\u021bii Fete\u0219ti, jude\u021bul Ialomi\u021ba.<\/p>\n<p>Potrivit Centrului Infotrafic al Poli\u021biei Rom\u00e2ne, \u00een coliziune au fost implicate dou\u0103 autotrenuri, care au r\u0103mas imobilizate pe carosabil. Din primele informa\u021bii, evenimentul s-a soldat doar cu pagube materiale, f\u0103r\u0103 victime.<\/p>\n<p>Traficul rutier este oprit pe sensul c\u0103tre Constan\u021ba, iar \u0219oferii sunt devia\u021bi pe la nodul rutier de la kilometrul 105, localitatea Drajna. Poli\u021bia estimeaz\u0103 reluarea circula\u021biei \u00een condi\u021bii normale dup\u0103 ora 11:00.<\/p>\n<p>\u0218TIRE INI\u021aIAL\u0102<\/p>\n<p>Potrivit presei locale, un tir s-ar fi r\u0103sucit pe carosabil pe sensul de mers c\u0103tre Constan\u021ba, bloc\u00e2nd benzile de circula\u021bie.<\/p>\n<p>Incidentul ar fi avut loc imediat dup\u0103 Fete\u0219ti, pe Autostrada Soarelui, pe tronsonul Bucure\u0219ti &#8211; Constan\u021ba.<\/p>\n<p>Sensul de mers spre Constan\u021ba ar fi blocat, iar \u0219oferii care se \u00eendreapt\u0103 c\u0103tre litoral se confrunt\u0103 cu valori ridicate de trafic \u0219i posibile coloane \u00een zon\u0103.<\/p>\n<p>Autorit\u0103\u021bile urmeaz\u0103 s\u0103 stabileasc\u0103 dac\u0103 traficul va fi deviat pe rute alternative p\u00e2n\u0103 la eliberarea carosabilului.<\/p>\n<p>\u200bDeocamdat\u0103 nu au fost comunicate oficial informa\u021bii despre eventuale victime sau despre cauzele exacte ale producerii accidentului.<\/p>\n<p>Poli\u021bia rutier\u0103 \u0219i echipajele de interven\u021bie urmeaz\u0103 s\u0103 efectueze cercetarea la fa\u021ba locului \u0219i s\u0103 stabileasc\u0103 \u00eemprejur\u0103rile \u00een care TIR-ul s-a r\u0103sucit pe autostrad\u0103.<\/p>","protected":false},"excerpt":{"rendered":"<p>UPDATE Un accident rutier s-a produs luni diminea\u021b\u0103, 19 ianuarie 2026, pe autostrada A2 Bucure\u0219ti\u2013Constan\u021ba,&hellip;<\/p>\n","protected":false},"author":0,"featured_media":59105,"comment_status":"open","ping_status":"open","sticky":false,"template":"","format":"standard","meta":{"footnotes":""},"categories":[2],"tags":[],"class_list":["post-59104","post","type-post","status-publish","format-standard","has-post-thumbnail","hentry","category-actual"],"_links":{"self":[{"href":"https:\/\/247stiri.ro\/index.php\/wp-json\/wp\/v2\/posts\/59104","targetHints":{"allow":["GET"]}}],"collection":[{"href":"https:\/\/247stiri.ro\/index.php\/wp-json\/wp\/v2\/posts"}],"about":[{"href":"https:\/\/247stiri.ro\/index.php\/wp-json\/wp\/v2\/types\/post"}],"replies":[{"embeddable":true,"href":"https:\/\/247stiri.ro\/index.php\/wp-json\/wp\/v2\/comments?post=59104"}],"version-history":[{"count":0,"href":"https:\/\/247stiri.ro\/index.php\/wp-json\/wp\/v2\/posts\/59104\/revisions"}],"wp:featuredmedia":[{"embeddable":true,"href":"https:\/\/247stiri.ro\/index.php\/wp-json\/wp\/v2\/media\/59105"}],"wp:attachment":[{"href":"https:\/\/247stiri.ro\/index.php\/wp-json\/wp\/v2\/media?parent=59104"}],"wp:term":[{"taxonomy":"category","embeddable":true,"href":"https:\/\/247stiri.ro\/index.php\/wp-json\/wp\/v2\/categories?post=59104"},{"taxonomy":"post_tag","embeddable":true,"href":"https:\/\/247stiri.ro\/index.php\/wp-json\/wp\/v2\/tags?post=59104"}],"curies":[{"name":"wp","href":"https:\/\/api.w.org\/{rel}","templated":true}]}}