{"id":59120,"date":"2026-01-19T10:46:03","date_gmt":"2026-01-19T10:46:03","guid":{"rendered":"https:\/\/247stiri.ro\/index.php\/2026\/01\/19\/guvernul-bolojan-pregateste-zeci-de-mii-de-concedieri-sedinta-de-foc-in-coalitie-reforma-care-pune-sub-semnul-intrebarii-viitorul-executivului\/"},"modified":"2026-01-19T10:46:03","modified_gmt":"2026-01-19T10:46:03","slug":"guvernul-bolojan-pregateste-zeci-de-mii-de-concedieri-sedinta-de-foc-in-coalitie-reforma-care-pune-sub-semnul-intrebarii-viitorul-executivului","status":"publish","type":"post","link":"https:\/\/247stiri.ro\/index.php\/2026\/01\/19\/guvernul-bolojan-pregateste-zeci-de-mii-de-concedieri-sedinta-de-foc-in-coalitie-reforma-care-pune-sub-semnul-intrebarii-viitorul-executivului\/","title":{"rendered":"Guvernul Bolojan preg\u0103te\u0219te zeci de mii de concedieri. \u0218edin\u021b\u0103 de foc \u00een coali\u021bie: Reforma care pune sub semnul \u00eentreb\u0103rii viitorul Executivului"},"content":{"rendered":"<p>Documentul aflat \u00een transparen\u021b\u0103 decizional\u0103 prevede reduceri de aproximativ 10 la sut\u0103 \u00een administra\u021bia local\u0103, iar modul de aplicare este l\u0103sat la latitudinea primarilor. Ace\u0219tia pot opta fie pentru concedieri, fie pentru diminuarea cheltuielilor salariale.<\/p>\n<p>Guvernul Bolojan preg\u0103te\u0219te concedieri masive<\/p>\n<p>Simul\u0103rile arat\u0103 c\u0103, \u00een scenariul reducerilor de personal, ar putea disp\u0103rea \u00een jur de 13.000 de posturi. \u00cen administra\u021bia central\u0103, toate ministerele ar urma s\u0103 reduc\u0103 cheltuielile cu salariile cu acela\u0219i procent. Pe fondul acestor m\u0103suri, tensiunile din coali\u021bie cresc.<\/p>\n<p>PSD continu\u0103 consult\u0103rile cu primarii din \u00eentreaga \u021bar\u0103 pentru a decide dac\u0103 r\u0103m\u00e2ne sau nu la guvernare, \u00een timp ce PNL are programat\u0103 o \u0219edin\u021b\u0103 de urgen\u021b\u0103 la ora 17. Ambele partide intr\u0103 astfel \u00eentr-o zi cu miz\u0103 ridicat\u0103, \u00een care trebuie stabilit dac\u0103 proiectul de reform\u0103 va fi adoptat \u00een forma actual\u0103 sau dac\u0103 va suferi noi modific\u0103ri.<\/p>\n<p>PSD se g\u00e2nde\u0219te s\u0103 ias\u0103 de la guvernare<\/p>\n<p>R\u0103m\u00e2ne de v\u0103zut dac\u0103 liderii coali\u021biei vor ajunge ast\u0103zi la un acord sau dac\u0103 discu\u021biile se vor prelungi, \u00een contextul presiunilor interne \u0219i al nemul\u021bumirilor tot mai vizibile din teritoriu. Social-democra\u021bii au anun\u021bat c\u0103 vor comunica o decizie privind r\u0103m\u00e2nerea la guvernare dup\u0103 finalizarea consult\u0103rilor interne.<\/p>","protected":false},"excerpt":{"rendered":"<p>Documentul aflat \u00een transparen\u021b\u0103 decizional\u0103 prevede reduceri de aproximativ 10 la sut\u0103 \u00een administra\u021bia local\u0103,&hellip;<\/p>\n","protected":false},"author":0,"featured_media":59121,"comment_status":"open","ping_status":"open","sticky":false,"template":"","format":"standard","meta":{"footnotes":""},"categories":[3],"tags":[],"class_list":["post-59120","post","type-post","status-publish","format-standard","has-post-thumbnail","hentry","category-politica"],"_links":{"self":[{"href":"https:\/\/247stiri.ro\/index.php\/wp-json\/wp\/v2\/posts\/59120","targetHints":{"allow":["GET"]}}],"collection":[{"href":"https:\/\/247stiri.ro\/index.php\/wp-json\/wp\/v2\/posts"}],"about":[{"href":"https:\/\/247stiri.ro\/index.php\/wp-json\/wp\/v2\/types\/post"}],"replies":[{"embeddable":true,"href":"https:\/\/247stiri.ro\/index.php\/wp-json\/wp\/v2\/comments?post=59120"}],"version-history":[{"count":0,"href":"https:\/\/247stiri.ro\/index.php\/wp-json\/wp\/v2\/posts\/59120\/revisions"}],"wp:featuredmedia":[{"embeddable":true,"href":"https:\/\/247stiri.ro\/index.php\/wp-json\/wp\/v2\/media\/59121"}],"wp:attachment":[{"href":"https:\/\/247stiri.ro\/index.php\/wp-json\/wp\/v2\/media?parent=59120"}],"wp:term":[{"taxonomy":"category","embeddable":true,"href":"https:\/\/247stiri.ro\/index.php\/wp-json\/wp\/v2\/categories?post=59120"},{"taxonomy":"post_tag","embeddable":true,"href":"https:\/\/247stiri.ro\/index.php\/wp-json\/wp\/v2\/tags?post=59120"}],"curies":[{"name":"wp","href":"https:\/\/api.w.org\/{rel}","templated":true}]}}