{"id":59125,"date":"2026-01-19T10:46:06","date_gmt":"2026-01-19T10:46:06","guid":{"rendered":"https:\/\/247stiri.ro\/index.php\/2026\/01\/19\/toni-neacsu-fost-membru-csm-grupul-pentru-justitie-al-lui-bolojan-ramane-in-picioare-instanta-respinge-a-doua-cerere-asociatiile-tac\/"},"modified":"2026-01-19T10:46:06","modified_gmt":"2026-01-19T10:46:06","slug":"toni-neacsu-fost-membru-csm-grupul-pentru-justitie-al-lui-bolojan-ramane-in-picioare-instanta-respinge-a-doua-cerere-asociatiile-tac","status":"publish","type":"post","link":"https:\/\/247stiri.ro\/index.php\/2026\/01\/19\/toni-neacsu-fost-membru-csm-grupul-pentru-justitie-al-lui-bolojan-ramane-in-picioare-instanta-respinge-a-doua-cerere-asociatiile-tac\/","title":{"rendered":"Toni Neac\u0219u, fost membru CSM: Grupul pentru Justi\u021bie al lui Bolojan r\u0103m\u00e2ne \u00een picioare. Instan\u021ba respinge a doua cerere, asocia\u021biile tac"},"content":{"rendered":"<p>Potrivit acestuia, instan\u021ba a motivat respingerea prin lipsa calit\u0103\u021bii procesuale active a reclamantei, avocata Silvia Uscov, cea care a introdus ac\u021biunea \u00een instan\u021b\u0103.<\/p>\n<p>Neac\u0219u a remarcat, \u00eentr-o postare public\u0103, c\u0103 de\u0219i mai multe asocia\u021bii profesionale din sistemul judiciar au criticat public constituirea acestui grup, niciuna nu a ales s\u0103 intervin\u0103 \u00een proces \u00een sprijinul reclamantei. \u00cen schimb, unele dintre aceste organiza\u021bii au depus interven\u021bii de sus\u021binere a Guvernului.<\/p>\n<p>\u201eNu pot s\u0103 nu observ c\u0103 de\u0219i unele asocia\u021bii profesionale din justi\u021bie ( pe l\u00e2ng\u0103 Declic) au intervenit \u00een dosar \u00een favoarea Guvernului, nici una, de\u0219i \u00een public au criticat aspru infiin\u021barea acestui grup ca nelegal\u0103, nu a gasit de cuviin\u021b\u0103 sa intervin\u0103 \u00een favoarea reclamantei. Nici CSM, care tocmai a anun\u021bat c\u0103 nu va mai participa la lucr\u0103rile grupului de lucru.\u201d, a transmis Toni Neac\u0219u.<\/p>\n<p>Avocatul a subliniat c\u0103, prin demersul s\u0103u, Silvia Uscov \u201e\u0219i-a asumat o lupt\u0103 juridic\u0103 \u00een numele altora, care stau deoparte\u201d.<\/p>","protected":false},"excerpt":{"rendered":"<p>Potrivit acestuia, instan\u021ba a motivat respingerea prin lipsa calit\u0103\u021bii procesuale active a reclamantei, avocata Silvia&hellip;<\/p>\n","protected":false},"author":0,"featured_media":59117,"comment_status":"open","ping_status":"open","sticky":false,"template":"","format":"standard","meta":{"footnotes":""},"categories":[2],"tags":[],"class_list":["post-59125","post","type-post","status-publish","format-standard","has-post-thumbnail","hentry","category-actual"],"_links":{"self":[{"href":"https:\/\/247stiri.ro\/index.php\/wp-json\/wp\/v2\/posts\/59125","targetHints":{"allow":["GET"]}}],"collection":[{"href":"https:\/\/247stiri.ro\/index.php\/wp-json\/wp\/v2\/posts"}],"about":[{"href":"https:\/\/247stiri.ro\/index.php\/wp-json\/wp\/v2\/types\/post"}],"replies":[{"embeddable":true,"href":"https:\/\/247stiri.ro\/index.php\/wp-json\/wp\/v2\/comments?post=59125"}],"version-history":[{"count":0,"href":"https:\/\/247stiri.ro\/index.php\/wp-json\/wp\/v2\/posts\/59125\/revisions"}],"wp:featuredmedia":[{"embeddable":true,"href":"https:\/\/247stiri.ro\/index.php\/wp-json\/wp\/v2\/media\/59117"}],"wp:attachment":[{"href":"https:\/\/247stiri.ro\/index.php\/wp-json\/wp\/v2\/media?parent=59125"}],"wp:term":[{"taxonomy":"category","embeddable":true,"href":"https:\/\/247stiri.ro\/index.php\/wp-json\/wp\/v2\/categories?post=59125"},{"taxonomy":"post_tag","embeddable":true,"href":"https:\/\/247stiri.ro\/index.php\/wp-json\/wp\/v2\/tags?post=59125"}],"curies":[{"name":"wp","href":"https:\/\/api.w.org\/{rel}","templated":true}]}}