{"id":59181,"date":"2026-01-19T13:44:51","date_gmt":"2026-01-19T13:44:51","guid":{"rendered":"https:\/\/247stiri.ro\/index.php\/2026\/01\/19\/marius-lazurca-consilierul-lui-nicusor-dan-impus-la-sefia-sri-presedintele-si-ilie-bolojan-fac-presiuni-asupra-numirii-surse\/"},"modified":"2026-01-19T13:44:51","modified_gmt":"2026-01-19T13:44:51","slug":"marius-lazurca-consilierul-lui-nicusor-dan-impus-la-sefia-sri-presedintele-si-ilie-bolojan-fac-presiuni-asupra-numirii-surse","status":"publish","type":"post","link":"https:\/\/247stiri.ro\/index.php\/2026\/01\/19\/marius-lazurca-consilierul-lui-nicusor-dan-impus-la-sefia-sri-presedintele-si-ilie-bolojan-fac-presiuni-asupra-numirii-surse\/","title":{"rendered":"Marius Lazurca, consilierul lui Nicu\u0219or Dan, impus la \u0219efia SRI. Pre\u0219edintele \u0219i Ilie Bolojan fac presiuni asupra numirii &#8211; SURSE"},"content":{"rendered":"<p>Informa\u021bia este considerat\u0103 una important\u0103 \u00een contextul negocierilor politice privind ocuparea func\u021biilor de conducere la SRI \u0219i la Serviciul de Informa\u021bii Externe (SIE).<\/p>\n<p>Potrivit acelora\u0219i surse, \u00een cadrul discu\u021biilor anterioare dintre partide se conturase posibilitatea ca func\u021bia de \u0219ef al SRI s\u0103 revin\u0103 PSD-ului.<\/p>\n<p>Totu\u0219i, potrivit Realitatea Plus, presiunile exercitate de Ilie Bolojan \u0219i Nicu\u0219or Dan ar putea schimba echilibrul acestor negocieri, direc\u021bion\u00e2nd sprijinul \u00een favoarea lui Marius Lazurca.<\/p>\n<p>\u00centrebat recent, la un alt post de televiziune, dac\u0103 i s-a propus una dintre cele dou\u0103 pozi\u021bii la v\u00e2rful serviciilor de informa\u021bii, Lazurca a avut o reac\u021bie rezervat\u0103, afirm\u00e2nd c\u0103 nu poate nici s\u0103 confirme, nici s\u0103 infirme o astfel de propunere, r\u0103spuns care a alimentat \u0219i mai mult specula\u021biile politice din jurul s\u0103u.<\/p>","protected":false},"excerpt":{"rendered":"<p>Informa\u021bia este considerat\u0103 una important\u0103 \u00een contextul negocierilor politice privind ocuparea func\u021biilor de conducere la&hellip;<\/p>\n","protected":false},"author":0,"featured_media":59174,"comment_status":"open","ping_status":"open","sticky":false,"template":"","format":"standard","meta":{"footnotes":""},"categories":[2],"tags":[],"class_list":["post-59181","post","type-post","status-publish","format-standard","has-post-thumbnail","hentry","category-actual"],"_links":{"self":[{"href":"https:\/\/247stiri.ro\/index.php\/wp-json\/wp\/v2\/posts\/59181","targetHints":{"allow":["GET"]}}],"collection":[{"href":"https:\/\/247stiri.ro\/index.php\/wp-json\/wp\/v2\/posts"}],"about":[{"href":"https:\/\/247stiri.ro\/index.php\/wp-json\/wp\/v2\/types\/post"}],"replies":[{"embeddable":true,"href":"https:\/\/247stiri.ro\/index.php\/wp-json\/wp\/v2\/comments?post=59181"}],"version-history":[{"count":0,"href":"https:\/\/247stiri.ro\/index.php\/wp-json\/wp\/v2\/posts\/59181\/revisions"}],"wp:featuredmedia":[{"embeddable":true,"href":"https:\/\/247stiri.ro\/index.php\/wp-json\/wp\/v2\/media\/59174"}],"wp:attachment":[{"href":"https:\/\/247stiri.ro\/index.php\/wp-json\/wp\/v2\/media?parent=59181"}],"wp:term":[{"taxonomy":"category","embeddable":true,"href":"https:\/\/247stiri.ro\/index.php\/wp-json\/wp\/v2\/categories?post=59181"},{"taxonomy":"post_tag","embeddable":true,"href":"https:\/\/247stiri.ro\/index.php\/wp-json\/wp\/v2\/tags?post=59181"}],"curies":[{"name":"wp","href":"https:\/\/api.w.org\/{rel}","templated":true}]}}