{"id":59182,"date":"2026-01-19T13:44:52","date_gmt":"2026-01-19T13:44:52","guid":{"rendered":"https:\/\/247stiri.ro\/index.php\/2026\/01\/19\/scandal-intre-ciprian-ciucu-si-nicusor-dan-misterul-datoriei-de-trei-miliarde-de-lei-adevarul-despre-finantele-primariei-capitalei\/"},"modified":"2026-01-19T13:44:52","modified_gmt":"2026-01-19T13:44:52","slug":"scandal-intre-ciprian-ciucu-si-nicusor-dan-misterul-datoriei-de-trei-miliarde-de-lei-adevarul-despre-finantele-primariei-capitalei","status":"publish","type":"post","link":"https:\/\/247stiri.ro\/index.php\/2026\/01\/19\/scandal-intre-ciprian-ciucu-si-nicusor-dan-misterul-datoriei-de-trei-miliarde-de-lei-adevarul-despre-finantele-primariei-capitalei\/","title":{"rendered":"Scandal \u00eentre Ciprian Ciucu \u0219i Nicu\u0219or Dan, misterul datoriei de trei miliarde de lei. Adev\u0103rul despre finan\u021bele Prim\u0103riei Capitalei"},"content":{"rendered":"<p>Discu\u021biile dintre actualul primar al Capitalei, Ciprian Ciucu, \u0219i fostul edil, actualmente \u0219ef al statului, Nicu\u0219or Dan, st\u00e2rnesc tot mai multe controverse. Cei doi prezint\u0103 versiuni complet diferite despre starea financiar\u0103 a Prim\u0103riei Municipiului Bucure\u0219ti, iar \u00eentrebarea care persist\u0103 este cine spune adev\u0103rul.<\/p>\n<p>Ciprian Ciucu afirm\u0103 c\u0103 situa\u021bia bugetar\u0103 este dezastruoas\u0103 \u0219i c\u0103 Prim\u0103ria nu dispune nici m\u0103car de fonduri pentru cheltuieli de baz\u0103. \u00cen replic\u0103, Nicu\u0219or Dan sus\u021bine c\u0103 a l\u0103sat \u201eCapitala pe zero\u201d, adic\u0103 f\u0103r\u0103 datorii majore, \u0219i c\u0103 situa\u021bia a fost stabilizat\u0103 la finalul primului s\u0103u mandat.<\/p>\n<p>Fostul primar reaminte\u0219te c\u0103 la preluarea func\u021biei, \u00een 2020, Prim\u0103ria Capitalei se afla practic \u00een faliment, cu doar 3 milioane de lei disponibili \u00een conturi \u0219i datorii de aproximativ 3 miliarde de lei. Nicu\u0219or Dan spune c\u0103 \u00een timpul mandatului s\u0103u, aceast\u0103 balan\u021b\u0103 a fost echilibrat\u0103.<\/p>\n<p>\u00cen contextul acestor declara\u021bii contradictorii, bucure\u0219tenii se \u00eentreab\u0103 ce s-a \u00eent\u00e2mplat, de fapt, cu cele 3 miliarde de lei despre care Nicu\u0219or Dan afirma c\u0103 au fost acoperite, \u0219i dac\u0103 actualul primar are dreptate c\u00e2nd spune c\u0103 bugetul municipal este din nou gol.<\/p>\n<p>Disputa continu\u0103, mai ales c\u0103 transparen\u021ba bugetar\u0103 \u0219i modul de administrare a fondurilor publice r\u0103m\u00e2n teme sensibile pentru Capital\u0103.<\/p>","protected":false},"excerpt":{"rendered":"<p>Discu\u021biile dintre actualul primar al Capitalei, Ciprian Ciucu, \u0219i fostul edil, actualmente \u0219ef al statului,&hellip;<\/p>\n","protected":false},"author":0,"featured_media":59176,"comment_status":"open","ping_status":"open","sticky":false,"template":"","format":"standard","meta":{"footnotes":""},"categories":[2],"tags":[],"class_list":["post-59182","post","type-post","status-publish","format-standard","has-post-thumbnail","hentry","category-actual"],"_links":{"self":[{"href":"https:\/\/247stiri.ro\/index.php\/wp-json\/wp\/v2\/posts\/59182","targetHints":{"allow":["GET"]}}],"collection":[{"href":"https:\/\/247stiri.ro\/index.php\/wp-json\/wp\/v2\/posts"}],"about":[{"href":"https:\/\/247stiri.ro\/index.php\/wp-json\/wp\/v2\/types\/post"}],"replies":[{"embeddable":true,"href":"https:\/\/247stiri.ro\/index.php\/wp-json\/wp\/v2\/comments?post=59182"}],"version-history":[{"count":0,"href":"https:\/\/247stiri.ro\/index.php\/wp-json\/wp\/v2\/posts\/59182\/revisions"}],"wp:featuredmedia":[{"embeddable":true,"href":"https:\/\/247stiri.ro\/index.php\/wp-json\/wp\/v2\/media\/59176"}],"wp:attachment":[{"href":"https:\/\/247stiri.ro\/index.php\/wp-json\/wp\/v2\/media?parent=59182"}],"wp:term":[{"taxonomy":"category","embeddable":true,"href":"https:\/\/247stiri.ro\/index.php\/wp-json\/wp\/v2\/categories?post=59182"},{"taxonomy":"post_tag","embeddable":true,"href":"https:\/\/247stiri.ro\/index.php\/wp-json\/wp\/v2\/tags?post=59182"}],"curies":[{"name":"wp","href":"https:\/\/api.w.org\/{rel}","templated":true}]}}