{"id":59184,"date":"2026-01-19T13:44:53","date_gmt":"2026-01-19T13:44:53","guid":{"rendered":"https:\/\/247stiri.ro\/index.php\/2026\/01\/19\/germania-si-franta-dupa-ce-trump-a-amenintat-statele-europene-cu-taxe-vamale-mai-mari-europa-nu-este-slaba\/"},"modified":"2026-01-19T13:44:53","modified_gmt":"2026-01-19T13:44:53","slug":"germania-si-franta-dupa-ce-trump-a-amenintat-statele-europene-cu-taxe-vamale-mai-mari-europa-nu-este-slaba","status":"publish","type":"post","link":"https:\/\/247stiri.ro\/index.php\/2026\/01\/19\/germania-si-franta-dupa-ce-trump-a-amenintat-statele-europene-cu-taxe-vamale-mai-mari-europa-nu-este-slaba\/","title":{"rendered":"Germania \u0219i Fran\u021ba, dup\u0103 ce Trump a amenin\u021bat statele europene cu taxe vamale mai mari: \u201eEuropa nu este slab\u0103\u201d"},"content":{"rendered":"<p>Pre\u0219edintele american Donald Trump a anun\u021bat s\u00e2mb\u0103t\u0103 inten\u021bia de a introduce treptat tarife mai ridicate pentru opt alia\u021bi europeni, p\u00e2n\u0103 c\u00e2nd SUA vor fi autorizate s\u0103 cumpere teritoriul arctic.<\/p>\n<p>\u201eGermania \u0219i Fran\u021ba sunt de acord: nu ne vom l\u0103sa \u0219antaja\u021bi\u201d, a declarat ministrul german de finan\u021be Lars Klingbeil, la Berlin, \u00een cadrul unei conferin\u021be cu omologul s\u0103u francez Roland Lescure. La r\u00e2ndul s\u0103u, oficialul francez a transmis c\u0103 \u201e\u0219antajul \u00eentre alia\u021bi \u0219i prieteni este inacceptabil\u201d.<\/p>\n<p>UE preg\u0103te\u0219te un r\u0103spuns<\/p>\n<p>Liderii Uniunii Europene vor discuta joi, la un summit extraordinar la Bruxelles, un eventual pachet de taxe vamale de 93 de miliarde de euro asupra importurilor din SUA, care ar putea intra automat \u00een vigoare pe 6 februarie, dup\u0103 o perioad\u0103 de suspendare de \u0219ase luni.<\/p>\n<p>O alt\u0103 op\u021biune aflat\u0103 pe mas\u0103 este activarea instrumentului anti-coerci\u021bie al UE, un mecanism \u00eenc\u0103 nefolosit, considerat \u201eop\u021biunea nuclear\u0103\u201d \u00een caz de e\u0219ec al negocierilor. Acesta ar putea restric\u021biona accesul companiilor americane la achizi\u021bii publice, investi\u021bii \u0219i servicii financiare europene.<\/p>\n<p>\u201eNoi, europenii, trebuie s\u0103 fim clari: s-a ajuns la limit\u0103. M\u00e2na noastr\u0103 este \u00eentins\u0103, dar nu suntem dispu\u0219i s\u0103 fim \u0219antaja\u021bi\u201d, a avertizat Klingbeil.<\/p>\n<p>Replica Europei pentru Washington<\/p>\n<p>Declara\u021biile celor doi vin dup\u0103 ce secretarul Trezoreriei americane, Scott Bessent, a calificat Europa drept \u201eslab\u0103\u201d \u0219i a justificat planul pre\u0219edintelui Trump ca fiind o mi\u0219care strategic\u0103 pentru stabilitatea global\u0103.<\/p>\n<p>\u201eGroenlanda poate fi ap\u0103rat\u0103 doar dac\u0103 face parte din SUA. Europenii proiecteaz\u0103 sl\u0103biciune, SUA proiecteaz\u0103 putere\u201d, a spus Bessent.<\/p>\n<p>\u00cen replic\u0103, ministrul francez Roland Lescure a afirmat c\u0103 Europa trebuie s\u0103-\u0219i consolideze competitivitatea \u0219i avantajul tehnologic pentru a demonstra c\u0103 \u201enu este slab\u0103\u201d.<\/p>\n<p>\u201eObiectivul nostru este s\u0103-l convingem, politicos dar ferm, pe Scott Bessent c\u0103 se \u00een\u0219al\u0103\u201d, a spus Lescure.<\/p>\n<p>Bruxellesul se preg\u0103te\u0219te astfel pentru o nou\u0103 confruntare comercial\u0103 cu Washingtonul, pe fondul unei crize diplomatice f\u0103r\u0103 precedent generate de ambi\u021biile americane privind Groenlanda.<\/p>","protected":false},"excerpt":{"rendered":"<p>Pre\u0219edintele american Donald Trump a anun\u021bat s\u00e2mb\u0103t\u0103 inten\u021bia de a introduce treptat tarife mai ridicate&hellip;<\/p>\n","protected":false},"author":0,"featured_media":59172,"comment_status":"open","ping_status":"open","sticky":false,"template":"","format":"standard","meta":{"footnotes":""},"categories":[2],"tags":[],"class_list":["post-59184","post","type-post","status-publish","format-standard","has-post-thumbnail","hentry","category-actual"],"_links":{"self":[{"href":"https:\/\/247stiri.ro\/index.php\/wp-json\/wp\/v2\/posts\/59184","targetHints":{"allow":["GET"]}}],"collection":[{"href":"https:\/\/247stiri.ro\/index.php\/wp-json\/wp\/v2\/posts"}],"about":[{"href":"https:\/\/247stiri.ro\/index.php\/wp-json\/wp\/v2\/types\/post"}],"replies":[{"embeddable":true,"href":"https:\/\/247stiri.ro\/index.php\/wp-json\/wp\/v2\/comments?post=59184"}],"version-history":[{"count":0,"href":"https:\/\/247stiri.ro\/index.php\/wp-json\/wp\/v2\/posts\/59184\/revisions"}],"wp:featuredmedia":[{"embeddable":true,"href":"https:\/\/247stiri.ro\/index.php\/wp-json\/wp\/v2\/media\/59172"}],"wp:attachment":[{"href":"https:\/\/247stiri.ro\/index.php\/wp-json\/wp\/v2\/media?parent=59184"}],"wp:term":[{"taxonomy":"category","embeddable":true,"href":"https:\/\/247stiri.ro\/index.php\/wp-json\/wp\/v2\/categories?post=59184"},{"taxonomy":"post_tag","embeddable":true,"href":"https:\/\/247stiri.ro\/index.php\/wp-json\/wp\/v2\/tags?post=59184"}],"curies":[{"name":"wp","href":"https:\/\/api.w.org\/{rel}","templated":true}]}}