{"id":59221,"date":"2026-01-19T16:44:53","date_gmt":"2026-01-19T16:44:53","guid":{"rendered":"https:\/\/247stiri.ro\/index.php\/2026\/01\/19\/cutremur-in-pnl-rares-bogdan-cere-explicatii-dupa-revolta-primarilor-telefonul-imi-e-plin-de-edili-disperati\/"},"modified":"2026-01-19T16:44:53","modified_gmt":"2026-01-19T16:44:53","slug":"cutremur-in-pnl-rares-bogdan-cere-explicatii-dupa-revolta-primarilor-telefonul-imi-e-plin-de-edili-disperati","status":"publish","type":"post","link":"https:\/\/247stiri.ro\/index.php\/2026\/01\/19\/cutremur-in-pnl-rares-bogdan-cere-explicatii-dupa-revolta-primarilor-telefonul-imi-e-plin-de-edili-disperati\/","title":{"rendered":"Cutremur \u00een PNL? Rare\u0219 Bogdan cere explica\u021bii dup\u0103 revolta primarilor: \u201eTelefonul \u00eemi e plin de edili dispera\u021bi\u201d"},"content":{"rendered":"<p>&#8222;Am vrut s\u0103 plec la Strasbourg direct de la Cluj. Am venit \u00een Bucure\u0219ti pentru c\u0103 am primit foarte multe telefoane de la primari, rug\u0103min\u021bi &#8211; e plin telefonul de rug\u0103min\u021bi ale primarilor liberali, care m\u0103 roag\u0103 s\u0103 stau de vorb\u0103, s\u0103 cer l\u0103muriri, s\u0103 \u00eentreb cfe se \u00eent\u00e2mpl\u0103. Sunt foarte \u00eengrijora\u021bi. Sunt cei care dau piept, practic, cu nemul\u021bumirile oamenilor.<\/p>\n<p>Am v\u0103zut ce s-a \u00eent\u00e2mplat \u00een dou\u0103 fiefuri importante al PNL, Ia\u0219i &#8211; unde avem \u0219i pre\u0219edinte de Consiliu Jude\u021bean \u0219i primar, \u0219i Boto\u0219ani, unde premierul a fost primit cu mare ostilitate. \u00cen momentul \u00een care primarii liberali &#8211; peste 1000 de primari avem, din care eu cred c\u0103 am vorbit undeva la 180, 200, 200 \u0219i ceva&#8230;, pre\u0219edin\u021bi de CJ, care sunt foarte speria\u021bi de faptul c\u0103, practic, r\u0103m\u00e2n f\u0103r\u0103 cotele defalcate. La unii dintre ei, g\u00e2ndi\u021bi-v\u0103 c\u0103 40-50% din buget \u00eel fac cu aceste cote defalcate, au crescut impozitele.<\/p>\n<p>Sunt cei care dau piept cu oamenii, sunt cei care stau \u00eentre oameni \u0219i sunt baza pe care PNL a reu\u0219it s\u0103 construiasc\u0103, iar pe mine &#8211; ca reprezentant al Rom\u00e2niei la Bruxelles &#8211; m\u0103 intereseaz\u0103 foarte tare rela\u021bia cu ei pentru c\u0103 sunt cei care au reu\u0219it s\u0103 cheltuie banii europeni; proiecte europene de la ap\u0103, canal, gaz, spitale, \u0219coli &#8211; din 2600 de \u0219coli cu toalete \u00een curte mai avem 128. Restul au fost modernitate cu bani europeni. Multe proiecte au fost cu ajutorul primarilor realizate. Sincer, am v\u0103zut sup\u0103rarea lor, disperarea lor \u0219i am zis &lt;&lt;Ok, v\u0103 promit c\u0103 de data asta particip (la \u0219edin\u021ba PNL &#8211; n.r..&gt;&gt;. Nu vin cu g\u00e2nduri r\u0103zboinice. Vreau s\u0103 cer l\u0103muriri, vreau s\u0103 \u0219tiu de ce colegii mei care asigur\u0103 ast\u0103zi conducerea PNL nu ies s\u0103 explice oamenilor ce se \u00eent\u00e2mpl\u0103 (&#8230;)&#8221;, a declarat, luni seara, Rare\u0219 Bogdan \u00eenaintea \u0219edin\u021bei conducerii PNL vu primarii din \u021bar\u0103.\u00a0<\/p>","protected":false},"excerpt":{"rendered":"<p>&#8222;Am vrut s\u0103 plec la Strasbourg direct de la Cluj. Am venit \u00een Bucure\u0219ti pentru&hellip;<\/p>\n","protected":false},"author":0,"featured_media":59222,"comment_status":"open","ping_status":"open","sticky":false,"template":"","format":"standard","meta":{"footnotes":""},"categories":[3],"tags":[],"class_list":["post-59221","post","type-post","status-publish","format-standard","has-post-thumbnail","hentry","category-politica"],"_links":{"self":[{"href":"https:\/\/247stiri.ro\/index.php\/wp-json\/wp\/v2\/posts\/59221","targetHints":{"allow":["GET"]}}],"collection":[{"href":"https:\/\/247stiri.ro\/index.php\/wp-json\/wp\/v2\/posts"}],"about":[{"href":"https:\/\/247stiri.ro\/index.php\/wp-json\/wp\/v2\/types\/post"}],"replies":[{"embeddable":true,"href":"https:\/\/247stiri.ro\/index.php\/wp-json\/wp\/v2\/comments?post=59221"}],"version-history":[{"count":0,"href":"https:\/\/247stiri.ro\/index.php\/wp-json\/wp\/v2\/posts\/59221\/revisions"}],"wp:featuredmedia":[{"embeddable":true,"href":"https:\/\/247stiri.ro\/index.php\/wp-json\/wp\/v2\/media\/59222"}],"wp:attachment":[{"href":"https:\/\/247stiri.ro\/index.php\/wp-json\/wp\/v2\/media?parent=59221"}],"wp:term":[{"taxonomy":"category","embeddable":true,"href":"https:\/\/247stiri.ro\/index.php\/wp-json\/wp\/v2\/categories?post=59221"},{"taxonomy":"post_tag","embeddable":true,"href":"https:\/\/247stiri.ro\/index.php\/wp-json\/wp\/v2\/tags?post=59221"}],"curies":[{"name":"wp","href":"https:\/\/api.w.org\/{rel}","templated":true}]}}