{"id":59247,"date":"2026-01-19T18:44:54","date_gmt":"2026-01-19T18:44:54","guid":{"rendered":"https:\/\/247stiri.ro\/index.php\/2026\/01\/19\/george-simion-in-vizita-in-sua-cu-30-de-parlamentari-aur-discutii-despre-alegerile-anulate-si-justitia-politizata\/"},"modified":"2026-01-19T18:44:54","modified_gmt":"2026-01-19T18:44:54","slug":"george-simion-in-vizita-in-sua-cu-30-de-parlamentari-aur-discutii-despre-alegerile-anulate-si-justitia-politizata","status":"publish","type":"post","link":"https:\/\/247stiri.ro\/index.php\/2026\/01\/19\/george-simion-in-vizita-in-sua-cu-30-de-parlamentari-aur-discutii-despre-alegerile-anulate-si-justitia-politizata\/","title":{"rendered":"George Simion, \u00een vizit\u0103 \u00een SUA cu 30 de parlamentari AUR: discu\u021bii despre alegerile anulate \u0219i justi\u021bia politizat\u0103"},"content":{"rendered":"<p>Problema anul\u0103rii alegerilor preziden\u021biale va fi discutat\u0103 \u00een Statele Unite ale Americii. M\u00e2ine, liderul AUR, George Simion, va fi \u00een America, acolo unde se va \u00eent\u00e2lni cu oficiali din Statele Unite ale Americii.<\/p>\n<p>George Simion nu pleac\u0103 singur, ci \u00eenso\u021bit de o echip\u0103 de cel pu\u021bin 30 de parlamentari ai forma\u021biunii politice pe care o conduce. Reprezentan\u021bii AUR discuta, printre altele, \u0219i despre justi\u021bia ca arm\u0103 politic\u0103, dar \u0219i despre anularea alegerilor preziden\u021biale. De asemenea, vorbim \u0219i despre \u00eent\u00e2lniri pe care forma\u021biunea AUR le va avea cu diaspora.<\/p>","protected":false},"excerpt":{"rendered":"<p>Problema anul\u0103rii alegerilor preziden\u021biale va fi discutat\u0103 \u00een Statele Unite ale Americii. M\u00e2ine, liderul AUR,&hellip;<\/p>\n","protected":false},"author":0,"featured_media":59248,"comment_status":"open","ping_status":"open","sticky":false,"template":"","format":"standard","meta":{"footnotes":""},"categories":[3],"tags":[],"class_list":["post-59247","post","type-post","status-publish","format-standard","has-post-thumbnail","hentry","category-politica"],"_links":{"self":[{"href":"https:\/\/247stiri.ro\/index.php\/wp-json\/wp\/v2\/posts\/59247","targetHints":{"allow":["GET"]}}],"collection":[{"href":"https:\/\/247stiri.ro\/index.php\/wp-json\/wp\/v2\/posts"}],"about":[{"href":"https:\/\/247stiri.ro\/index.php\/wp-json\/wp\/v2\/types\/post"}],"replies":[{"embeddable":true,"href":"https:\/\/247stiri.ro\/index.php\/wp-json\/wp\/v2\/comments?post=59247"}],"version-history":[{"count":0,"href":"https:\/\/247stiri.ro\/index.php\/wp-json\/wp\/v2\/posts\/59247\/revisions"}],"wp:featuredmedia":[{"embeddable":true,"href":"https:\/\/247stiri.ro\/index.php\/wp-json\/wp\/v2\/media\/59248"}],"wp:attachment":[{"href":"https:\/\/247stiri.ro\/index.php\/wp-json\/wp\/v2\/media?parent=59247"}],"wp:term":[{"taxonomy":"category","embeddable":true,"href":"https:\/\/247stiri.ro\/index.php\/wp-json\/wp\/v2\/categories?post=59247"},{"taxonomy":"post_tag","embeddable":true,"href":"https:\/\/247stiri.ro\/index.php\/wp-json\/wp\/v2\/tags?post=59247"}],"curies":[{"name":"wp","href":"https:\/\/api.w.org\/{rel}","templated":true}]}}