{"id":59274,"date":"2026-01-19T20:45:21","date_gmt":"2026-01-19T20:45:21","guid":{"rendered":"https:\/\/247stiri.ro\/index.php\/2026\/01\/19\/discutiile-importante-pe-care-nicusor-dan-le-rateaza-la-davos-liderii-ue-prezenti-la-forum\/"},"modified":"2026-01-19T20:45:21","modified_gmt":"2026-01-19T20:45:21","slug":"discutiile-importante-pe-care-nicusor-dan-le-rateaza-la-davos-liderii-ue-prezenti-la-forum","status":"publish","type":"post","link":"https:\/\/247stiri.ro\/index.php\/2026\/01\/19\/discutiile-importante-pe-care-nicusor-dan-le-rateaza-la-davos-liderii-ue-prezenti-la-forum\/","title":{"rendered":"Discu\u021biile importante pe care Nicu\u0219or Dan le rateaz\u0103 la Davos. Liderii UE, prezen\u021bi la forum"},"content":{"rendered":"<p>Explica\u021biile omului de l\u00e2ng\u0103 <a href=\"https:\/\/www.realitatea.net\/stiri\/actual\/negocieri-dure-pentru-sefia-serviciilor-nicusor-dan-a-pregatit-lista-numirilor-pentru-cele-mai-importante-structuri_696df4b463fe002e4523e442\" target=\"_blank\">Nicu\u0219or Dan<\/a> sunt halucinante. Marius Lazurca sus\u021bine c\u0103 \u0219eful statului are lucruri mai importante de rezolvat \u00een \u021bar\u0103, dec\u00e2t s\u0103 umble \u201eteleleu\u201d prin lume, ca al\u021bi lideri europeni \u0219i nu numai. Asta, de\u0219i la forum este prezent \u0219i Donald Trump, liderul de la Casa Alb\u0103.<\/p>\n<p>Nicu\u0219or Dan are agenda prea plin\u0103 ca s\u0103 se vad\u0103 cu Trump<\/p>\n<p>\u201eAgenda pre\u0219edintelui oric\u0103rui pre\u0219edinte este sub asediul urgen\u021belor, crizelor \u0219i priorit\u0103\u021bilor. Mesajul domniei sale c\u0103tre rom\u00e2ni fiind: Nu umblu teleleu prin lume c\u00e2nd sunt lucrurile at\u00e2t de importante care reclam\u0103 prezen\u021ba mea \u00een \u021bar\u0103, mai cu seam\u0103 c\u00e2nd nu consilierii mei nu mi pot construi suficient\u0103 substan\u021b\u0103 pentru prezen\u021ba mea la Davos.\u201d, a declarat Marius Lazurc\u0103, consilierul lui Nicu\u0219or Dan.<\/p>\n<p>Mai mult, consilierul lui Nicu\u0219or Dan, Marius Lazurca a afirmat c\u0103 pre\u0219edintele a luat decizia dup\u0103 ce s-a sf\u0103tuit inclusiv cu el. Este, iat\u0103, o nou\u0103 ocazie pe care Nicu\u0219or Dan nu vrea s\u0103 o ia \u00een considerare. Pre\u0219edintele Rom\u00e2niei rateaz\u0103 o oportunitate de a se \u00eent\u00e2lni cu Donald Trump. Asta, de\u0219i rezista Oana \u021aoiu nu a reu\u0219it nici p\u00e2n\u0103 acum s\u0103 reia discu\u021biile cu privire la reintroducerea Rom\u00e2niei \u00een programul Visa Waiver.<\/p>\n<p><a href=\"https:\/\/www.realitatea.net\/stiri\/actual\/putin-invitat-de-trump-sa-se-alature-consiliului-pentru-pace-administratia-lui-nicusor-dan-surprinsa-de-initiativa_696e0b47fc12c853360f64e3\" target=\"_blank\">Discu\u021biile de la Forumul Economic Mondial<\/a> se vor concentra pe r\u0103zboiul din Ucraina, tensiunile dintre Statele Unite \u0219i Groenlanda, dar \u0219i probleme economice. Evenimentul interna\u021bional va reuni aproape trei mii de lideri din peste 130 de \u021b\u0103ri, inclusiv peste 60 de \u0219efi de stat \u0219i de guvern \u0219i \u0219ase dintre liderii G7, al\u0103turi de aproape 850 dintre cei mai importan\u021bi directori generali din mediul tehnologic. Pe lista de invita\u021bi se afl\u0103 pre\u0219edintele Donald Trump, \u0219eful statului ucrainean Volodimir Zelenski, pre\u0219edintele Comisiei Europene, Ursula von der Leyen, dar \u0219i cancelarul germaniei, Friedrich Merz.<\/p>\n<p>Premierul Spaniei, Pedro Sanchez nu particip\u0103 la Forumul de la Davos din cauza accidentului feroviar \u00een care peste 39 oameni au murit, iar al\u021bi 170 sunt grav r\u0103ni\u021bi. Printre victime se afl\u0103 \u0219i doi rom\u00e2ni, potrivit jurnali\u0219tilor. Acesta \u0219i-a anulat participarea la Forumul Economic Mondial, c\u00e2t \u015fi \u00eentregul program de luni pentru a vedea direct situa\u021bia, \u00een urma deraierii a dou\u0103 trenuri de mare vitez\u0103.<\/p>","protected":false},"excerpt":{"rendered":"<p>Explica\u021biile omului de l\u00e2ng\u0103 Nicu\u0219or Dan sunt halucinante. Marius Lazurca sus\u021bine c\u0103 \u0219eful statului are&hellip;<\/p>\n","protected":false},"author":0,"featured_media":59275,"comment_status":"open","ping_status":"open","sticky":false,"template":"","format":"standard","meta":{"footnotes":""},"categories":[3],"tags":[],"class_list":["post-59274","post","type-post","status-publish","format-standard","has-post-thumbnail","hentry","category-politica"],"_links":{"self":[{"href":"https:\/\/247stiri.ro\/index.php\/wp-json\/wp\/v2\/posts\/59274","targetHints":{"allow":["GET"]}}],"collection":[{"href":"https:\/\/247stiri.ro\/index.php\/wp-json\/wp\/v2\/posts"}],"about":[{"href":"https:\/\/247stiri.ro\/index.php\/wp-json\/wp\/v2\/types\/post"}],"replies":[{"embeddable":true,"href":"https:\/\/247stiri.ro\/index.php\/wp-json\/wp\/v2\/comments?post=59274"}],"version-history":[{"count":0,"href":"https:\/\/247stiri.ro\/index.php\/wp-json\/wp\/v2\/posts\/59274\/revisions"}],"wp:featuredmedia":[{"embeddable":true,"href":"https:\/\/247stiri.ro\/index.php\/wp-json\/wp\/v2\/media\/59275"}],"wp:attachment":[{"href":"https:\/\/247stiri.ro\/index.php\/wp-json\/wp\/v2\/media?parent=59274"}],"wp:term":[{"taxonomy":"category","embeddable":true,"href":"https:\/\/247stiri.ro\/index.php\/wp-json\/wp\/v2\/categories?post=59274"},{"taxonomy":"post_tag","embeddable":true,"href":"https:\/\/247stiri.ro\/index.php\/wp-json\/wp\/v2\/tags?post=59274"}],"curies":[{"name":"wp","href":"https:\/\/api.w.org\/{rel}","templated":true}]}}