{"id":59276,"date":"2026-01-19T20:45:22","date_gmt":"2026-01-19T20:45:22","guid":{"rendered":"https:\/\/247stiri.ro\/index.php\/2026\/01\/19\/ce-este-febra-vaii-si-cum-se-manifesta-boala-invizibila-se-extinde-rapid-si-poate-ucide\/"},"modified":"2026-01-19T20:45:22","modified_gmt":"2026-01-19T20:45:22","slug":"ce-este-febra-vaii-si-cum-se-manifesta-boala-invizibila-se-extinde-rapid-si-poate-ucide","status":"publish","type":"post","link":"https:\/\/247stiri.ro\/index.php\/2026\/01\/19\/ce-este-febra-vaii-si-cum-se-manifesta-boala-invizibila-se-extinde-rapid-si-poate-ucide\/","title":{"rendered":"Ce este \u201efebra v\u0103ii\u201d \u0219i cum se manifest\u0103: boala invizibil\u0103 se extinde rapid \u0219i poate ucide"},"content":{"rendered":"<p>Este vorba despre \u201efebra v\u0103ii\u201d, o infec\u021bie fungic\u0103 respiratorie care se transmite prin inhalarea particulelor de praf contaminate \u0219i care, \u00een formele grave, poate duce la meningit\u0103, leziuni permanente \u0219i chiar deces. Autorit\u0103\u021bile sanitare americane avertizeaz\u0103 c\u0103 num\u0103rul cazurilor a crescut alarmant \u00een ultimii ani, \u00een special \u00een vestul \u0219i sud-vestul \u021b\u0103rii.<\/p>\n<p>O boal\u0103 veche, dar tot mai prezent\u0103<\/p>\n<p><a href=\"https:\/\/www.realitatea.net\/stiri\/sanatate\/descoperire-majora-in-neurologie-cercetatorii-au-elucidat-mecanismul-prin-care-o-mutatie-genetica-rara-distruge-neuronii_694e919d78933577a34f71f2\" target=\"_blank\">Infec\u021bia este cauzat\u0103<\/a> de sporii unor ciuperci din genul Coccidioides, care tr\u0103iesc \u00een solurile aride. Primele descrieri medicale dateaz\u0103 de la sf\u00e2r\u0219itul secolului al XIX-lea, \u00eens\u0103 abia \u00een ultimele decenii boala a devenit o problem\u0103 major\u0103 de s\u0103n\u0103tate public\u0103. Cele mai afectate regiuni sunt Arizona \u0219i California, unde condi\u021biile climatice favorizeaz\u0103 dezvoltarea \u0219i dispersia sporilor \u00een aer.<\/p>\n<p>Oamenii se pot infecta f\u0103r\u0103 s\u0103-\u0219i dea seama, simpla expunere la praf fiind suficient\u0103. Sunt frecvent afecta\u021bi pompierii, muncitorii \u00een construc\u021bii, agricultorii, arheologii sau persoanele care desf\u0103\u0219oar\u0103 activit\u0103\u021bi \u00een aer liber, \u00een zone uscate.<\/p>\n<p>Simptomele pot fi confundate cu o grip\u0103 banal\u0103<\/p>\n<p>\u00cen cele mai multe cazuri, boala debuteaz\u0103 cu manifest\u0103ri aparent inofensive: oboseal\u0103 accentuat\u0103, tuse persistent\u0103, febr\u0103, dureri musculare, transpira\u021bii nocturne \u0219i dificult\u0103\u021bi de respira\u021bie. La unii pacien\u021bi, simptomele pot dura s\u0103pt\u0103m\u00e2ni sau chiar luni, iar recuperarea este lent\u0103.<\/p>\n<p>Totu\u0219i, speciali\u0219tii avertizeaz\u0103 c\u0103 evolu\u021bia nu este \u00eentotdeauna benign\u0103. Aproximativ 5\u201310% dintre pacien\u021bi dezvolt\u0103 complica\u021bii pulmonare cronice, iar \u00een circa 1,5% din cazuri infec\u021bia se r\u0103sp\u00e2nde\u0219te \u00een organism, afect\u00e2nd oasele, articula\u021biile, pielea sau sistemul nervos central. \u00cen aceste situa\u021bii, poate ap\u0103rea meningita, o complica\u021bie cu o rat\u0103 de mortalitate extrem de ridicat\u0103 dac\u0103 nu este tratat\u0103 prompt.<\/p>\n<p>Explozie de cazuri \u0219i sute de decese anual<\/p>\n<p>Datele oficiale arat\u0103 o cre\u0219tere dramatic\u0103 a num\u0103rului de \u00eemboln\u0103viri. Dac\u0103 la \u00eenceputul anilor 2000 se raportau c\u00e2teva mii de cazuri anual, \u00een prezent cifrele au ajuns la aproape 20.000 de infect\u0103ri pe an, iar aproximativ 200 de persoane mor \u00een fiecare an din cauza acestei boli.<\/p>\n<p>\u00cen ultimul deceniu, inciden\u021ba a crescut cu peste 70% \u00een Arizona, iar \u00een California s-a multiplicat de patru ori. Speciali\u0219tii consider\u0103 c\u0103 schimb\u0103rile climatice, seceta prelungit\u0103 \u0219i cre\u0219terea temperaturilor joac\u0103 un rol major \u00een r\u0103sp\u00e2ndirea sporilor fungici.<\/p>\n<p>Avertismentul autorit\u0103\u021bilor: \u201eInfec\u021bia este extrem de grav\u0103\u201d<\/p>\n<p>Responsabilii din s\u0103n\u0103tatea public\u0103 cer vigilen\u021b\u0103 maxim\u0103, mai ales \u00een r\u00e2ndul persoanelor care tr\u0103iesc sau c\u0103l\u0103toresc \u00een zonele afectate. Medicii sunt \u00eendemna\u021bi s\u0103 ia \u00een calcul acest diagnostic atunci c\u00e2nd pacien\u021bii prezint\u0103 simptome respiratorii persistente, care nu se amelioreaz\u0103 dup\u0103 una-dou\u0103 s\u0103pt\u0103m\u00e2ni.<\/p>\n<p>Un exemplu elocvent este cazul unei directoare de s\u0103n\u0103tate public\u0103 din California, care a fost diagnosticat\u0103 cu febra v\u0103ii dup\u0103 ce a dezvoltat meningit\u0103, ini\u021bial simptomele fiind confundate cu o infec\u021bie obi\u0219nuit\u0103. Experien\u021ba ei a atras aten\u021bia asupra faptului c\u0103 boala este adesea subestimat\u0103, chiar \u0219i de profesioni\u0219tii din domeniu.<\/p>\n<p>Cine este cel mai expus riscului<\/p>\n<p>Potrivit autorit\u0103\u021bilor sanitare americane, formele severe apar mai frecvent la:<\/p>\n<p>persoane cu sistem imunitar sl\u0103bit (HIV\/SIDA, transplant, tratamente imunosupresoare),<\/p>\n<p>bolnavi de diabet,<\/p>\n<p>femei \u00eens\u0103rcinate,<\/p>\n<p>persoane de origine afro-american\u0103 sau filipinez\u0103.<\/p>\n<p>\u00cen prezent, <a href=\"https:\/\/www.realitatea.net\/stiri\/actual\/ce-trebuie-sa-stii-despre-lepra-cum-se-transmite-si-ce-simptome-are-a-revenit-in-romania-dupa-44-de-ani_693c42e7d10818413d1833d2\" target=\"_blank\">cercet\u0103tori din cadrul universit\u0103\u021bilor americane<\/a> colaboreaz\u0103 cu companii de biotehnologie pentru dezvoltarea unui vaccin destinat oamenilor, \u00eens\u0103 acesta se afl\u0103 \u00eenc\u0103 \u00een faz\u0103 de cercetare.<\/p>\n<p>Nu doar oamenii sunt afecta\u021bi<\/p>\n<p>\u0218i animalele pot dezvolta forme severe ale bolii, \u00een special c\u00e2inii, la care infec\u021bia este adesea mai agresiv\u0103. Testele realizate \u00een ultimii ani arat\u0103 c\u0103 un procent semnificativ dintre c\u00e2inii din zonele endemice au fost expu\u0219i ciupercii. Un vaccin veterinar a fost deja aprobat \u00een SUA, \u00eens\u0103 boala nu este contagioas\u0103 \u0219i nu se transmite de la animal la om.<\/p>\n<p>\u201eFebra v\u0103ii\u201d r\u0103m\u00e2ne o boal\u0103 invizibil\u0103, dar cu efecte devastatoare. Speciali\u0219tii subliniaz\u0103 c\u0103 diagnosticul timpuriu \u0219i tratamentul antifungic adecvat pot salva vie\u021bi, iar informarea popula\u021biei este esen\u021bial\u0103 pentru limitarea impactului acestei infec\u021bii care plute\u0219te, literalmente, \u00een aer.<\/p>","protected":false},"excerpt":{"rendered":"<p>Este vorba despre \u201efebra v\u0103ii\u201d, o infec\u021bie fungic\u0103 respiratorie care se transmite prin inhalarea particulelor&hellip;<\/p>\n","protected":false},"author":0,"featured_media":59277,"comment_status":"open","ping_status":"open","sticky":false,"template":"","format":"standard","meta":{"footnotes":""},"categories":[2],"tags":[],"class_list":["post-59276","post","type-post","status-publish","format-standard","has-post-thumbnail","hentry","category-actual"],"_links":{"self":[{"href":"https:\/\/247stiri.ro\/index.php\/wp-json\/wp\/v2\/posts\/59276","targetHints":{"allow":["GET"]}}],"collection":[{"href":"https:\/\/247stiri.ro\/index.php\/wp-json\/wp\/v2\/posts"}],"about":[{"href":"https:\/\/247stiri.ro\/index.php\/wp-json\/wp\/v2\/types\/post"}],"replies":[{"embeddable":true,"href":"https:\/\/247stiri.ro\/index.php\/wp-json\/wp\/v2\/comments?post=59276"}],"version-history":[{"count":0,"href":"https:\/\/247stiri.ro\/index.php\/wp-json\/wp\/v2\/posts\/59276\/revisions"}],"wp:featuredmedia":[{"embeddable":true,"href":"https:\/\/247stiri.ro\/index.php\/wp-json\/wp\/v2\/media\/59277"}],"wp:attachment":[{"href":"https:\/\/247stiri.ro\/index.php\/wp-json\/wp\/v2\/media?parent=59276"}],"wp:term":[{"taxonomy":"category","embeddable":true,"href":"https:\/\/247stiri.ro\/index.php\/wp-json\/wp\/v2\/categories?post=59276"},{"taxonomy":"post_tag","embeddable":true,"href":"https:\/\/247stiri.ro\/index.php\/wp-json\/wp\/v2\/tags?post=59276"}],"curies":[{"name":"wp","href":"https:\/\/api.w.org\/{rel}","templated":true}]}}