{"id":59278,"date":"2026-01-19T20:45:23","date_gmt":"2026-01-19T20:45:23","guid":{"rendered":"https:\/\/247stiri.ro\/index.php\/2026\/01\/19\/trupul-unui-barbat-carbonizat-descoperit-in-urma-unui-incendiu-la-un-bloc-din-focsani-victima-ar-putea-fi-o-persoana-fara-adapost\/"},"modified":"2026-01-19T20:45:23","modified_gmt":"2026-01-19T20:45:23","slug":"trupul-unui-barbat-carbonizat-descoperit-in-urma-unui-incendiu-la-un-bloc-din-focsani-victima-ar-putea-fi-o-persoana-fara-adapost","status":"publish","type":"post","link":"https:\/\/247stiri.ro\/index.php\/2026\/01\/19\/trupul-unui-barbat-carbonizat-descoperit-in-urma-unui-incendiu-la-un-bloc-din-focsani-victima-ar-putea-fi-o-persoana-fara-adapost\/","title":{"rendered":"Trupul unui b\u0103rbat carbonizat, descoperit \u00een urma unui incendiu la un bloc din Foc\u0219ani: victima ar putea fi o persoan\u0103 f\u0103r\u0103 ad\u0103post"},"content":{"rendered":"<p>&#8222;\u00cen aceast\u0103 sear\u0103 pompierii din cadrul Deta\u0219amentului Foc\u0219ani au intervenit pentru stingerea unui incendiu izbucnit la subsolul unui bloc de locuin\u021be din municipiul Foc\u0219ani. (&#8230;) Din nefericire, \u00een urma incendiului, a fost identificat\u0103 o persoan\u0103 de sex masculin, \u00een v\u00e2rst\u0103 de aproximativ 30 de ani, carbonizat\u0103&#8221;, au transmis reprezentan\u021bii ISU Vrancea.<\/p>\n<p>La fa\u021ba locului au fost mobilizate cinci echipaje de pompieri, cu trei autospeciale de stingere cu ap\u0103 \u0219i spum\u0103, o autospecial\u0103 de descarcerare \u0219i o ambulan\u021b\u0103 SMURD.<\/p>\n<p>Reprezentan\u021bii ISU Vrancea au declarat, pentru Agerpres, c\u0103 victima ar fi, cel mai probabil, o persoan\u0103 f\u0103r\u0103 ad\u0103post, iar incendiul s-ar fi declan\u0219at dup\u0103 ce aceasta ar fi adormit \u00een timp ce fuma, focul izbucnind de la jar sau sc\u00e2ntei.<\/p>\n<p>Poli\u021bi\u0219tii fac cercet\u0103ri pentru a stabili identitatea persoanei decedate.\u00a0<\/p>","protected":false},"excerpt":{"rendered":"<p>&#8222;\u00cen aceast\u0103 sear\u0103 pompierii din cadrul Deta\u0219amentului Foc\u0219ani au intervenit pentru stingerea unui incendiu izbucnit&hellip;<\/p>\n","protected":false},"author":0,"featured_media":59279,"comment_status":"open","ping_status":"open","sticky":false,"template":"","format":"standard","meta":{"footnotes":""},"categories":[2],"tags":[],"class_list":["post-59278","post","type-post","status-publish","format-standard","has-post-thumbnail","hentry","category-actual"],"_links":{"self":[{"href":"https:\/\/247stiri.ro\/index.php\/wp-json\/wp\/v2\/posts\/59278","targetHints":{"allow":["GET"]}}],"collection":[{"href":"https:\/\/247stiri.ro\/index.php\/wp-json\/wp\/v2\/posts"}],"about":[{"href":"https:\/\/247stiri.ro\/index.php\/wp-json\/wp\/v2\/types\/post"}],"replies":[{"embeddable":true,"href":"https:\/\/247stiri.ro\/index.php\/wp-json\/wp\/v2\/comments?post=59278"}],"version-history":[{"count":0,"href":"https:\/\/247stiri.ro\/index.php\/wp-json\/wp\/v2\/posts\/59278\/revisions"}],"wp:featuredmedia":[{"embeddable":true,"href":"https:\/\/247stiri.ro\/index.php\/wp-json\/wp\/v2\/media\/59279"}],"wp:attachment":[{"href":"https:\/\/247stiri.ro\/index.php\/wp-json\/wp\/v2\/media?parent=59278"}],"wp:term":[{"taxonomy":"category","embeddable":true,"href":"https:\/\/247stiri.ro\/index.php\/wp-json\/wp\/v2\/categories?post=59278"},{"taxonomy":"post_tag","embeddable":true,"href":"https:\/\/247stiri.ro\/index.php\/wp-json\/wp\/v2\/tags?post=59278"}],"curies":[{"name":"wp","href":"https:\/\/api.w.org\/{rel}","templated":true}]}}