{"id":59288,"date":"2026-01-19T21:45:10","date_gmt":"2026-01-19T21:45:10","guid":{"rendered":"https:\/\/247stiri.ro\/index.php\/2026\/01\/19\/zilele-lui-bolojan-la-carma-guvernului-sunt-numarate-sorin-grindeanu-daca-va-fi-necesar-schimbam-lautarul\/"},"modified":"2026-01-19T21:45:10","modified_gmt":"2026-01-19T21:45:10","slug":"zilele-lui-bolojan-la-carma-guvernului-sunt-numarate-sorin-grindeanu-daca-va-fi-necesar-schimbam-lautarul","status":"publish","type":"post","link":"https:\/\/247stiri.ro\/index.php\/2026\/01\/19\/zilele-lui-bolojan-la-carma-guvernului-sunt-numarate-sorin-grindeanu-daca-va-fi-necesar-schimbam-lautarul\/","title":{"rendered":"Zilele lui Bolojan la c\u00e2rma guvernului sunt num\u0103rate! Sorin Grindeanu: \u201eDac\u0103 va fi necesar, schimb\u0103m l\u0103utarul\u201d"},"content":{"rendered":"<p>Sorin Grindeanu a declarat, luni sear\u0103, c\u0103 a v\u0103zut declara\u0163ia colegului s\u0103u de partid, Claudiu Manda, referitoare la premierul Ilie Bolojan \u015fi, \u00eentrebat dac\u0103 va fi schimbat \u201dl\u0103utarul\u201d, a r\u0103spuns: \u201dDac\u0103 va fi nevoie, da\u201d.<\/p>\n<p>Mai mult, Grindeanu a admis c\u0103 actuala coali\u0163ie \u201dsc\u00e2r\u0163\u00e2ie\u201d. \u201dSigur c\u0103 sc\u00e2r\u0163ie aceast\u0103 coali\u0163ie \u015fi aici nu-i vorba de prim-ministru, aici e vorba \u015fi de alte partide din coali\u0163ie, \u00een spe\u0163\u0103 de USR\u201d, a afirmat pre\u0219edintele social-democra\u021bilor, la un post TV.<\/p>\n<p>Grindeanu s-a referit la acordul Mercosur, care nu a fost discutat \u00een coali\u0163ie.<\/p>\n<p>\u201dNu po\u0163i s\u0103 iei decizii \u00een numele Rom\u00e2niei pe zeci de ani, pe zeci de ani, repet, de acum \u00eencolo, f\u0103r\u0103 s\u0103 explici rom\u00e2nilor, nu coali\u0163iei, nu PSD-ului, c\u0103 nu despre asta e vorba, s\u0103 explici rom\u00e2nilor la ce angajezi aceast\u0103 \u0163ar\u0103 pe zeci de ani de acum \u00een colo. O fi bine, o fi r\u0103u. Nu \u015ftiu, dar nu e bine s\u0103 \u015ftie rom\u00e2nii ?! Despre asta este vorba. S-a luat pe persoan\u0103 fizic\u0103 aceast\u0103 decizie, persoane fizice, ca s\u0103 fiu mai corect\u201d, a subliniat acesta.<\/p>\n<p>Pre\u015fedintele PSD a precizat c\u0103 social-democra\u0163ii nu au fost singurii care au ridicat aceast\u0103 problem\u0103 \u00een cadrul sedin\u021bei coali\u0163iei.<\/p>\n<p>\u201dN-am fost singuri \u00een coali\u0163ie c\u00e2nd am spus c\u0103 a\u015fa ceva este inadmisibil \u015fi nu se poate lucra \u00eentr-o coali\u0163ie de patru partide f\u0103r\u0103 s\u0103 informezi, f\u0103ra s\u0103 spui, f\u0103r\u0103 s\u0103 decizi \u00een cadrul acestei coali\u0163ii lucruri care sunt extrem de importante \u015fi care nu sunt pe termen mediu \u015fi scurt\u201d, a mai spus Sorin Grindeanu.<\/p>\n<p>Tot luni seara \u0219i tot la un post TV, secretarul general al PSD Claudiu Manda a afirmat c\u0103 premierul Ilie Bolojan \u201dnu c\u00e2nt\u0103 de multe ori din acela\u015fi playlist\u201d, men\u021bion\u00e2nd, \u00een context, c\u0103 ar putea veni un moment \u00een care cei din coali\u0163ie \u201ds\u0103 schimbe l\u0103utarul deoarece nu mai respect\u0103 playlistul\u201d.<\/p>\n<p>Manda a precizat c\u0103 playlistul \u00eenseamn\u0103 programul de guvernare \u015fi ceea ce se discut\u0103 \u00een coali\u0163ie.<\/p>","protected":false},"excerpt":{"rendered":"<p>Sorin Grindeanu a declarat, luni sear\u0103, c\u0103 a v\u0103zut declara\u0163ia colegului s\u0103u de partid, Claudiu&hellip;<\/p>\n","protected":false},"author":0,"featured_media":59289,"comment_status":"open","ping_status":"open","sticky":false,"template":"","format":"standard","meta":{"footnotes":""},"categories":[3],"tags":[],"class_list":["post-59288","post","type-post","status-publish","format-standard","has-post-thumbnail","hentry","category-politica"],"_links":{"self":[{"href":"https:\/\/247stiri.ro\/index.php\/wp-json\/wp\/v2\/posts\/59288","targetHints":{"allow":["GET"]}}],"collection":[{"href":"https:\/\/247stiri.ro\/index.php\/wp-json\/wp\/v2\/posts"}],"about":[{"href":"https:\/\/247stiri.ro\/index.php\/wp-json\/wp\/v2\/types\/post"}],"replies":[{"embeddable":true,"href":"https:\/\/247stiri.ro\/index.php\/wp-json\/wp\/v2\/comments?post=59288"}],"version-history":[{"count":0,"href":"https:\/\/247stiri.ro\/index.php\/wp-json\/wp\/v2\/posts\/59288\/revisions"}],"wp:featuredmedia":[{"embeddable":true,"href":"https:\/\/247stiri.ro\/index.php\/wp-json\/wp\/v2\/media\/59289"}],"wp:attachment":[{"href":"https:\/\/247stiri.ro\/index.php\/wp-json\/wp\/v2\/media?parent=59288"}],"wp:term":[{"taxonomy":"category","embeddable":true,"href":"https:\/\/247stiri.ro\/index.php\/wp-json\/wp\/v2\/categories?post=59288"},{"taxonomy":"post_tag","embeddable":true,"href":"https:\/\/247stiri.ro\/index.php\/wp-json\/wp\/v2\/tags?post=59288"}],"curies":[{"name":"wp","href":"https:\/\/api.w.org\/{rel}","templated":true}]}}