{"id":59292,"date":"2026-01-19T21:45:12","date_gmt":"2026-01-19T21:45:12","guid":{"rendered":"https:\/\/247stiri.ro\/index.php\/2026\/01\/19\/kelemen-hunor-despre-mercosur-nimeni-nu-a-discutat-niciodata-in-coalitie-despre-acest-acord-de-liber-schimb\/"},"modified":"2026-01-19T21:45:12","modified_gmt":"2026-01-19T21:45:12","slug":"kelemen-hunor-despre-mercosur-nimeni-nu-a-discutat-niciodata-in-coalitie-despre-acest-acord-de-liber-schimb","status":"publish","type":"post","link":"https:\/\/247stiri.ro\/index.php\/2026\/01\/19\/kelemen-hunor-despre-mercosur-nimeni-nu-a-discutat-niciodata-in-coalitie-despre-acest-acord-de-liber-schimb\/","title":{"rendered":"Kelemen Hunor, despre Mercosur: \u201dNimeni nu a discutat niciodat\u0103 \u00een coali\u0163ie despre acest acord de liber schimb\u201d"},"content":{"rendered":"<p>\u201dNimeni nu a discutat niciodat\u0103 \u00een coali\u0163ie despre acest acord de liber schimb. Toat\u0103 lumea spune c\u0103 e ok s\u0103 avem liber schimb cu \u0163\u0103rile Mercosur \u015fi nimeni nu spune c\u0103 comer\u0163ul trebuie \u00eengr\u0103dit, dar nimeni nu a venit niciodat\u0103, nici Ministerul Economiei, nici ministrul Agriculturii, nici ministrul de Externe, s\u0103 ne arate care va fi impactul pentru societatea rom\u00e2neasc\u0103, pentru economia rom\u00e2neasc\u0103, pentru sectorul economic, pentru agricultor, pentru industria alimentar\u0103. Nimeni niciodat\u0103 nu a prezentat&#8230; Nu am v\u0103zut o explica\u0163ie coerent\u0103 cu cifre. Nu m-au convins. Eu sunt pentru liber schimb \u00een comer\u0163, dar nu se poate s\u0103 nu discut\u0103m \u00een coali\u0163ie. Degeaba vii \u015fi spui c\u0103 da, dar la Agricultur\u0103 am ob\u0163inut. Nu am ob\u0163inut noi\u201d, a declarat Kelemen Hunor, la un post de televiziune, <a href=\"https:\/\/www.news.ro\/politic-intern\/kelemen-hunor-nimeni-discutat-niciodata-coalitie-acest-acord-liber-schimb-toata-lumea-spune-e-ok-avem-liber-schimb-tarile-mercosur-nimeni-venit-niciodata-explicatie-coerenta-cifre-lipsa-respect-1922402719002026012222315164\" target=\"_blank\">potrivit sursei.\u00a0<\/a><\/p>\n<p><a href=\"https:\/\/www.realitatea.net\/stiri\/actual\/kelemen-hunor-ii-da-peste-nas-lui-ilie-bolojan-trebuie-sa-avem-politici-publice-de-sprijinire-a-familiilor-tinere_696a24099dda5208a605b222\" target=\"_blank\">Liderul UDMR<\/a> a explicat c\u0103, dac\u0103 nu se dau explica\u0163ii despre acest acord, vor ap\u0103rea teorii conspira\u0163ioniste.<\/p>\n<p>\u201dAcordul Mercosur este pentru decenii (&#8230;) dac\u0103 nu explici oamenilor, atunci apar teorii conspira\u0163ioniste de tot felul \u015fi eu n-am cum s\u0103 r\u0103spund \u00een fa\u0163a oamenilor, fiindc\u0103 nici mie nu mi-a prezentat nimeni o analiz\u0103. Ce se \u00eent\u00e2mpl\u0103 \u00een sectorul economic, \u00een anumite subsectoare din economie. (&#8230;) E un dosar foarte greu care a devenit extrem de urgent \u00een acest moment, c\u00e2nd exist\u0103 o disput\u0103 \u00eentre UE \u015fi Statele Unite. UE are o problem\u0103 economic\u0103 serioas\u0103 \u015fi caut\u0103 o pia\u0163\u0103 \u015fi merge c\u0103tre America Latin\u0103 sau patru \u0163\u0103ri din America Latin\u0103, dar asta nu \u00eenseamn\u0103 c\u0103 cet\u0103\u0163eanul de r\u00e2nd este informat \u015fi \u015ftie care vor fi consecin\u0163ele\u201d, a explicat Kelemen Hunor.<\/p>\n<p>\u00centrebat ce ar fi vrut s\u0103 se discute \u00een coali\u0163ie despre acest acord, liderul UDMR a precizat c\u0103 ar fi cerut unele date \u00een plus.<\/p>\n<p>\u201dA\u015f fi cerut date \u00een plus, pe de-o parte. Pe de-alt\u0103 parte, din punct de vedere tactic, m-a\u015f fi uitat, Rom\u00e2nia era \u00eentr-o minoritate de blocaj, da? Ce am ob\u0163inut noi c\u00e2nd am renun\u0163at la acest blocaj? Fiindc\u0103 acolo se negociaz\u0103, fiecare c\u00e2\u015ftig\u0103 sau pierde ceva. Ce am c\u00e2\u015ftigat noi? S\u0103 ias\u0103 cineva s\u0103 ne explice c\u00e2nd nu am stat al\u0103turi de Fran\u0163a, Polonia \u015fi cei care erau \u00een acea minoritate de blocaj. Noi ce-am ob\u0163inut? Nu \u015ftim. Nimeni nu ne-a explicat. (&#8230;) Sunt o gr\u0103mad\u0103 de \u00eentreb\u0103ri \u015fi politice, \u015fi tactice, \u015fi strategice, \u015fi economice, care nu au fost discutate\u201d, a spus Kelemen Hunor.<\/p>\n<p>Liderul UDMR apreciaz\u0103 c\u0103 \u201dnoi trebuie s\u0103 schimb\u0103m abordarea \u00een Rom\u00e2nia\u201d: \u201dVrei, nu vrei, politica se face \u00een Parlament, se face \u00een Guvern, se face de o majoritate bun\u0103 sau rea. Asta e o alt\u0103 discu\u0163ie. Dar dac\u0103 noi nu schimb\u0103m perspectiva \u015fi mergem a\u015fa cum a mers \u00een ultimii 10 ani, \u00eenainte mandatul pre\u015fedintelui Iohannis, c\u00e2nd nu a existat nicio explica\u0163ie pentru nicio decizie strategic\u0103 \u015fi de politic\u0103 extern\u0103 \u015fi cred c\u0103 nu e bine s\u0103 continu\u0103m a\u015fa, din punctul meu de vedere, este o gre\u015feal\u0103. Nu e vorba c\u0103 \u015ftiu eu mai bine sau \u015ftie cineva mai bine dintre noi, dar este o lips\u0103 de respect fa\u0163\u0103 de cei care asigur\u0103 majoritate s\u0103 nu discu\u0163i cu ei chestiuni importante\u201d.<\/p>\n<p>\u00centrebat dac\u0103 va exista o discu\u0163ie \u00een coali\u0163ie pe acest subiect al liberului schimb cu \u0163\u0103rile Mercosur, Kelemen Hunor a declarat c\u0103 o astfel de discu\u0163ie ar fi necesar\u0103.<\/p>\n<p>\u201dProbabil c\u0103 vor veni peste o s\u0103pt\u0103m\u00e2n\u0103, peste dou\u0103 s\u0103pt\u0103m\u00e2ni, fiindc\u0103 nici ast\u0103zi n-a venit nimeni cu o analiz\u0103. Dom&#8217;le, economia rom\u00e2neasc\u0103 va c\u00e2\u015ftiga at\u00e2ta. Agricultorii nu o s\u0103 piard\u0103, fiindc\u0111\u0103 exist\u0103 aceste garan\u0163ii, exist\u0103 cote, exist\u0103 o gr\u0103mad\u0103 de chestiuni, dar nu \u015ftim cum se va opera, cine va declan\u015fa, cine va pune \u00een aplicare (&#8230;) De aceea, eu cred c\u0103 sunt subiecte care ne angajeaz\u0103 pe termen foarte lung \u015fi s\u0103 nu discu\u0163i politic \u00eenseamn\u0103 c\u0103 nu ai respect fa\u0163\u0103 de cet\u0103\u0163enii t\u0103i \u00een primul r\u00e2nd. Las\u0103-l la o parte pe Grindeanu, pe Kelemen, pe Bolojan \u015fi pe Fritz\u201d, a ad\u0103ugat Kelemen Hunor.<\/p>","protected":false},"excerpt":{"rendered":"<p>\u201dNimeni nu a discutat niciodat\u0103 \u00een coali\u0163ie despre acest acord de liber schimb. Toat\u0103 lumea&hellip;<\/p>\n","protected":false},"author":0,"featured_media":59291,"comment_status":"open","ping_status":"open","sticky":false,"template":"","format":"standard","meta":{"footnotes":""},"categories":[2],"tags":[],"class_list":["post-59292","post","type-post","status-publish","format-standard","has-post-thumbnail","hentry","category-actual"],"_links":{"self":[{"href":"https:\/\/247stiri.ro\/index.php\/wp-json\/wp\/v2\/posts\/59292","targetHints":{"allow":["GET"]}}],"collection":[{"href":"https:\/\/247stiri.ro\/index.php\/wp-json\/wp\/v2\/posts"}],"about":[{"href":"https:\/\/247stiri.ro\/index.php\/wp-json\/wp\/v2\/types\/post"}],"replies":[{"embeddable":true,"href":"https:\/\/247stiri.ro\/index.php\/wp-json\/wp\/v2\/comments?post=59292"}],"version-history":[{"count":0,"href":"https:\/\/247stiri.ro\/index.php\/wp-json\/wp\/v2\/posts\/59292\/revisions"}],"wp:featuredmedia":[{"embeddable":true,"href":"https:\/\/247stiri.ro\/index.php\/wp-json\/wp\/v2\/media\/59291"}],"wp:attachment":[{"href":"https:\/\/247stiri.ro\/index.php\/wp-json\/wp\/v2\/media?parent=59292"}],"wp:term":[{"taxonomy":"category","embeddable":true,"href":"https:\/\/247stiri.ro\/index.php\/wp-json\/wp\/v2\/categories?post=59292"},{"taxonomy":"post_tag","embeddable":true,"href":"https:\/\/247stiri.ro\/index.php\/wp-json\/wp\/v2\/tags?post=59292"}],"curies":[{"name":"wp","href":"https:\/\/api.w.org\/{rel}","templated":true}]}}