{"id":59293,"date":"2026-01-19T21:45:12","date_gmt":"2026-01-19T21:45:12","guid":{"rendered":"https:\/\/247stiri.ro\/index.php\/2026\/01\/19\/alerta-disparitie-o-adolescenta-de-14-ani-din-republica-moldova-este-de-negasit\/"},"modified":"2026-01-19T21:45:12","modified_gmt":"2026-01-19T21:45:12","slug":"alerta-disparitie-o-adolescenta-de-14-ani-din-republica-moldova-este-de-negasit","status":"publish","type":"post","link":"https:\/\/247stiri.ro\/index.php\/2026\/01\/19\/alerta-disparitie-o-adolescenta-de-14-ani-din-republica-moldova-este-de-negasit\/","title":{"rendered":"Alert\u0103 dispari\u021bie: o adolescent\u0103 de 14 ani din Republica Moldova este de neg\u0103sit"},"content":{"rendered":"<p>Minora este c\u0103utat\u0103 de oamenii legii<\/p>\n<p>Marinela este stabilit\u0103 \u00eempreun\u0103 cu familia sa \u00een Fran\u021ba \u0219i a fost v\u0103zut\u0103 ultima dat\u0103 \u00een zona Raincy, dup\u0103 ce a p\u0103r\u0103sit unitatea de \u00eenv\u0103\u021b\u0103m\u00e2nt unde studiaz\u0103 \u2013 colegiul Jean-Baptiste Corot. De atunci, nimeni nu a mai reu\u0219it s\u0103 ia leg\u0103tura cu ea, iar orice \u00eencercare de a o contacta a r\u0103mas f\u0103r\u0103 rezultat.<\/p>\n<p>Dispera\u021bi, p\u0103rin\u021bii fetei au cerut ajutorul publicului \u0219i au f\u0103cut apel pe re\u021belele de socializare, sper\u00e2nd c\u0103 cineva ar putea oferi informa\u021bii care s\u0103 duc\u0103 la g\u0103sirea ei. \u00cen paralel, autorit\u0103\u021bile au fost anun\u021bate, iar familia continu\u0103 c\u0103ut\u0103rile cu speran\u021ba c\u0103 Marinela va fi g\u0103sit\u0103 \u00een siguran\u021b\u0103.<\/p>\n<p><a href=\"https:\/\/www.realitatea.net\/stiri\/actual\/alerta-disparitie-o-adolescenta-de-16-ani-este-cautata-la-nivel-national_694e8d8ac5cfa9408d79a9bc\" target=\"_blank\">Pentru a facilita identificarea adolescentei,<\/a> apropia\u021bii au f\u0103cut publice semnalmentele acesteia. Marinela are 14 ani, aproximativ 1,60 metri \u00een\u0103l\u021bime, p\u0103r \u0219aten \u0219i ochi c\u0103prui. Oricine crede c\u0103 a v\u0103zut-o sau de\u021bine informa\u021bii relevante este rugat s\u0103 contacteze de urgen\u021b\u0103 poli\u021bia sau familia.<\/p>\n<p>P\u0103rin\u021bii Marinelei, Vasile \u0219i Tatieana Raru, originari din Cahul, Republica Moldova, sunt profund afecta\u021bi de dispari\u021bia fiicei lor. Un apropiat al familiei a declarat c\u0103 ace\u0219tia sunt devasta\u021bi \u0219i \u00ee\u0219i doresc un singur lucru: ca Marinela s\u0103 se \u00eentoarc\u0103 acas\u0103, teaf\u0103r\u0103 \u0219i nev\u0103t\u0103mat\u0103.<\/p>\n<p><a href=\"https:\/\/www.realitatea.net\/stiri\/actual\/alerta-in-braila-o-fata-de-14-ani-a-disparut-iar-tatal-a-anuntat-politia-abia-dupa-o-saptamana_693b1c780fbe875ac96ec253\" target=\"_blank\">Apelul familiei<\/a> este unul clar \u0219i urgent: orice detaliu, oric\u00e2t de mic, poate fi crucial. Cazul a fost intens distribuit online, \u00een speran\u021ba c\u0103 vizibilitatea crescut\u0103 va contribui la g\u0103sirea adolescentei disp\u0103rute.<\/p>","protected":false},"excerpt":{"rendered":"<p>Minora este c\u0103utat\u0103 de oamenii legii Marinela este stabilit\u0103 \u00eempreun\u0103 cu familia sa \u00een Fran\u021ba&hellip;<\/p>\n","protected":false},"author":0,"featured_media":59294,"comment_status":"open","ping_status":"open","sticky":false,"template":"","format":"standard","meta":{"footnotes":""},"categories":[2],"tags":[],"class_list":["post-59293","post","type-post","status-publish","format-standard","has-post-thumbnail","hentry","category-actual"],"_links":{"self":[{"href":"https:\/\/247stiri.ro\/index.php\/wp-json\/wp\/v2\/posts\/59293","targetHints":{"allow":["GET"]}}],"collection":[{"href":"https:\/\/247stiri.ro\/index.php\/wp-json\/wp\/v2\/posts"}],"about":[{"href":"https:\/\/247stiri.ro\/index.php\/wp-json\/wp\/v2\/types\/post"}],"replies":[{"embeddable":true,"href":"https:\/\/247stiri.ro\/index.php\/wp-json\/wp\/v2\/comments?post=59293"}],"version-history":[{"count":0,"href":"https:\/\/247stiri.ro\/index.php\/wp-json\/wp\/v2\/posts\/59293\/revisions"}],"wp:featuredmedia":[{"embeddable":true,"href":"https:\/\/247stiri.ro\/index.php\/wp-json\/wp\/v2\/media\/59294"}],"wp:attachment":[{"href":"https:\/\/247stiri.ro\/index.php\/wp-json\/wp\/v2\/media?parent=59293"}],"wp:term":[{"taxonomy":"category","embeddable":true,"href":"https:\/\/247stiri.ro\/index.php\/wp-json\/wp\/v2\/categories?post=59293"},{"taxonomy":"post_tag","embeddable":true,"href":"https:\/\/247stiri.ro\/index.php\/wp-json\/wp\/v2\/tags?post=59293"}],"curies":[{"name":"wp","href":"https:\/\/api.w.org\/{rel}","templated":true}]}}