{"id":59297,"date":"2026-01-19T21:45:14","date_gmt":"2026-01-19T21:45:14","guid":{"rendered":"https:\/\/247stiri.ro\/index.php\/2026\/01\/19\/ministrul-energiei-despre-resursele-de-gaze-si-energie-electrica-avem-suficiente-resurse-de-pentru-a-face-fata-valului-de-frig-din-aceasta-perioada\/"},"modified":"2026-01-19T21:45:14","modified_gmt":"2026-01-19T21:45:14","slug":"ministrul-energiei-despre-resursele-de-gaze-si-energie-electrica-avem-suficiente-resurse-de-pentru-a-face-fata-valului-de-frig-din-aceasta-perioada","status":"publish","type":"post","link":"https:\/\/247stiri.ro\/index.php\/2026\/01\/19\/ministrul-energiei-despre-resursele-de-gaze-si-energie-electrica-avem-suficiente-resurse-de-pentru-a-face-fata-valului-de-frig-din-aceasta-perioada\/","title":{"rendered":"Ministrul Energiei, despre resursele de gaze \u0219i energie electric\u0103: \u201dAvem suficiente resurse de pentru a face fa\u0163\u0103 valului de frig din aceast\u0103 perioad\u0103\u201d"},"content":{"rendered":"<p>\u201dAvem suficiente resurse de gaze \u015fi energie electric\u0103 pentru a face fa\u0163\u0103 valului de frig din aceast\u0103 perioad\u0103! Ast\u0103zi, \u00een v\u00e2rful de diminea\u0163\u0103, am avut cel mai mare consum ale energiei elecrice din ultimii patru ani: 9.235 MW. Dar ne-am preg\u0103tit \u00eenc\u0103 din var\u0103 \u015fi lucrurile sunt sub control: depozitele de gaze ale Rom\u00e2niei sunt pline \u00een propor\u0163ie de 59%, cu 170 de milioane de metri cubi mai mult dec\u00e2t \u00een aceea\u015fi perioad\u0103 a anului trecut\u201d, a transmis ministrul Energiei.<\/p>\n<p><a href=\"https:\/\/www.realitatea.net\/stiri\/actual\/ministrul-energiei-convoaca-astazi-comandamentul-energetic-national-pe-fondul-valului-de-ger-anuntat-de-meteorologi_696ddf3d2e0c7207156b29ee\" target=\"_blank\">Bogdan Ivan<\/a> a \u021binut s\u0103 precizeze faptul c\u0103 toate sursele de produc\u0163ie a energiei sunt \u00een grafic: \u201dAvem un mix energetic stabil, cu produc\u0163ie at\u00e2t din regenerabile, c\u00e2t \u015fi din c\u0103rbune\u201d.<\/p>\n<p>Oficialul a explicat c\u0103 to\u0163i cei 700 de consumatori care nu au avut luno curent sunt deja reconecta\u0163i.Meteorologii anun\u0163\u0103 c\u0103 valul de frig va persista, p\u00e2n\u0103 joi diminea\u0163\u0103, \u00een cea mai mare parte a \u0163\u0103rii, cu temperaturi minime \u00eentre -20 \u015fi -6 grade.<\/p>\n<p>\u00cen urm\u0103toarele dou\u0103 nop\u0163i, toat\u0103 \u0163ara se va afla sub aten\u0163ion\u0103ri Cod galben de ger, cu temperaturi minime \u00eentre -20 \u015fi -8 grade. \u015ei \u00een Bucure\u015fti, vremea se va men\u0163ine deosebit de rece.<\/p>","protected":false},"excerpt":{"rendered":"<p>\u201dAvem suficiente resurse de gaze \u015fi energie electric\u0103 pentru a face fa\u0163\u0103 valului de frig&hellip;<\/p>\n","protected":false},"author":0,"featured_media":59273,"comment_status":"open","ping_status":"open","sticky":false,"template":"","format":"standard","meta":{"footnotes":""},"categories":[2],"tags":[],"class_list":["post-59297","post","type-post","status-publish","format-standard","has-post-thumbnail","hentry","category-actual"],"_links":{"self":[{"href":"https:\/\/247stiri.ro\/index.php\/wp-json\/wp\/v2\/posts\/59297","targetHints":{"allow":["GET"]}}],"collection":[{"href":"https:\/\/247stiri.ro\/index.php\/wp-json\/wp\/v2\/posts"}],"about":[{"href":"https:\/\/247stiri.ro\/index.php\/wp-json\/wp\/v2\/types\/post"}],"replies":[{"embeddable":true,"href":"https:\/\/247stiri.ro\/index.php\/wp-json\/wp\/v2\/comments?post=59297"}],"version-history":[{"count":0,"href":"https:\/\/247stiri.ro\/index.php\/wp-json\/wp\/v2\/posts\/59297\/revisions"}],"wp:featuredmedia":[{"embeddable":true,"href":"https:\/\/247stiri.ro\/index.php\/wp-json\/wp\/v2\/media\/59273"}],"wp:attachment":[{"href":"https:\/\/247stiri.ro\/index.php\/wp-json\/wp\/v2\/media?parent=59297"}],"wp:term":[{"taxonomy":"category","embeddable":true,"href":"https:\/\/247stiri.ro\/index.php\/wp-json\/wp\/v2\/categories?post=59297"},{"taxonomy":"post_tag","embeddable":true,"href":"https:\/\/247stiri.ro\/index.php\/wp-json\/wp\/v2\/tags?post=59297"}],"curies":[{"name":"wp","href":"https:\/\/api.w.org\/{rel}","templated":true}]}}