{"id":59361,"date":"2026-01-20T08:45:16","date_gmt":"2026-01-20T08:45:16","guid":{"rendered":"https:\/\/247stiri.ro\/index.php\/2026\/01\/20\/planul-guvernului-bolojan-de-a-i-lasa-pe-romani-fara-proprietati-dupa-ce-le-a-golit-buzunarele-aur-acuza-un-jaf-fara-precedent-datoriile-oamenilor-pe-mana-recuperatorilor\/"},"modified":"2026-01-20T08:45:16","modified_gmt":"2026-01-20T08:45:16","slug":"planul-guvernului-bolojan-de-a-i-lasa-pe-romani-fara-proprietati-dupa-ce-le-a-golit-buzunarele-aur-acuza-un-jaf-fara-precedent-datoriile-oamenilor-pe-mana-recuperatorilor","status":"publish","type":"post","link":"https:\/\/247stiri.ro\/index.php\/2026\/01\/20\/planul-guvernului-bolojan-de-a-i-lasa-pe-romani-fara-proprietati-dupa-ce-le-a-golit-buzunarele-aur-acuza-un-jaf-fara-precedent-datoriile-oamenilor-pe-mana-recuperatorilor\/","title":{"rendered":"Planul Guvernului Bolojan de a-i l\u0103sa pe rom\u00e2ni f\u0103r\u0103 propriet\u0103\u021bi dup\u0103 ce le-a golit buzunarele. AUR acuz\u0103 un jaf f\u0103r\u0103 precedent: datoriile oamenilor, pe m\u00e2na recuperatorilor"},"content":{"rendered":"<p>\u201eAm aflat cu to\u021bii despre proiectul de lege vedet\u0103, mai nou, din p\u0103cate, care permite prim\u0103riilor s\u0103 v\u00e2nd\u0103 datoriile rom\u00e2nilor c\u0103tre firme private de recuperare. Vorbim despre impozite, taxe locale \u0219i amenzi, inclusiv cele rezultate din noile taxe pe proprietate, case, terenuri \u0219i ma\u0219ini. Taxe care au fost deja dublate sau chiar triplate. Aceste datorii sunt executabile \u0219i sunt executabile \u0219i \u00een prezent de c\u0103tre prim\u0103rii, \u00eens\u0103 mul\u021bi primari \u00eenc\u0103 se feresc s\u0103 execute oamenii de team\u0103, bine\u00een\u021beles, s\u0103 nu piard\u0103 voturi\u201d, afirm\u0103 Bruynseels.<\/p>\n\n<p>Cum vrea Ilie Bolojan s\u0103 \u00eei termine definitiv pe rom\u00e2ni: recuperatori de datorii<\/p>\n<p>Deputata sus\u021bine c\u0103 noua lege ar elimina orice re\u021binere a autorit\u0103\u021bilor locale \u00een a recupera sumele restante. \u201ePrim\u0103ria vinde datoria, se spal\u0103 pe m\u00e2ini, iar de acolo \u00eencepe distrac\u021bia. Recuperatorii priva\u021bi pot s\u0103 instituie popriri, pot s\u0103 blocheze conturi, pot s\u0103 adauge comisioane \u0219i, bine\u00een\u021beles, vor avea profit peste suma ini\u021bial\u0103 \u0219i pot ajunge, \u00een final, la executarea propriet\u0103\u021bilor\u201d, declar\u0103 aceasta.<\/p>\n<p>Bruynseels afirm\u0103 c\u0103 firmele de recuperare sunt \u201eSRL-uri de\u021binute direct sau indirect de c\u0103tre unele b\u0103nci\u201d, ceea ce ar transforma datoriile rom\u00e2nilor \u00een active tranzac\u021bionabile. \u201eAsta \u00eenseamn\u0103 c\u0103 datoriile rom\u00e2nilor pleac\u0103 din administra\u021bia local\u0103 \u0219i ajung un soi de marf\u0103 pentru firme private, iar, \u00een pasul urm\u0103tor, casele \u0219i terenurile devin active financiare\u201d, sus\u021bine deputata.<\/p>\n<p>AUR acuz\u0103: \u201eNu este eficien\u021b\u0103 administrativ\u0103, ci jaf\u201d<\/p>\n<p>Ea acuz\u0103 c\u0103 proiectul este \u00eempins \u00een regim de urgen\u021b\u0103 \u0219i ar urma s\u0103 treac\u0103 prin asumarea r\u0103spunderii Guvernului. \u201eDar acest lucru este posibil doar cu sprijinul PSD. A\u0219adar, PSD, \u0219ti\u021bi foarte bine c\u0103 aceast\u0103 lege nu este reform\u0103 \u0219i nu este eficien\u021b\u0103 administrativ\u0103, ci este jaf. Rom\u00e2nii pierd, firmele de recuperare c\u00e2\u0219tig\u0103, iar politicienii se vor sp\u0103la pe m\u00e2ini. Dori\u021bi s\u0103 fi\u021bi parte din asta? Voi o pute\u021bi opri. A\u0219adar, face\u021bi ce trebuie pentru rom\u00e2ni\u201d, a declarat Ramona Ioana Bruynseels.<\/p>\n<p>De c\u00e2nd a fost pus la conducerea Guvernului Rom\u00e2niei, Ilie Bolojan nu a luat absolut nicio m\u0103sur\u0103 \u00een favoarea rom\u00e2nilor, ci doar \u00eempotriva lor. Acum, dup\u0103 ce i-a \u00eengropat \u00een taxe \u0219i impozite, salariile fiind la acela\u0219i nivel, dup\u0103 ce pre\u021burile la facturi \u0219i alimente au explodat, Bolojan vrea s\u0103 \u00eei aduc\u0103 la disperare pe rom\u00e2nii care nu mai au bani s\u0103 \u00ee\u0219i achite d\u0103rile la stat: recuperatori.<\/p>\n<p>Nu este singura m\u0103sur\u0103 dur\u0103. Printre altele, Ilie Bolojan doar vrea, nu \u0219i s\u0103 ofere. Drone pentru depistarea construc\u021biilor f\u0103r\u0103 autoriza\u021bie, impozit dublu pentru cl\u0103dirile nedeclarate \u0219i reducerea cu 10% a cheltuielilor de personal, sunt doar c\u00e2teva dintre m\u0103surile dure din reforma administra\u021biei locale, pe care primarii ar trebui s\u0103 le aplice chiar din acest an. \u00a0Mai mult, amenzile nepl\u0103tite pot duce la suspendarea permisului auto sau chiar la munc\u0103 \u00een folosul comunit\u0103\u021bii.<\/p>","protected":false},"excerpt":{"rendered":"<p>\u201eAm aflat cu to\u021bii despre proiectul de lege vedet\u0103, mai nou, din p\u0103cate, care permite&hellip;<\/p>\n","protected":false},"author":0,"featured_media":59362,"comment_status":"open","ping_status":"open","sticky":false,"template":"","format":"standard","meta":{"footnotes":""},"categories":[3],"tags":[],"class_list":["post-59361","post","type-post","status-publish","format-standard","has-post-thumbnail","hentry","category-politica"],"_links":{"self":[{"href":"https:\/\/247stiri.ro\/index.php\/wp-json\/wp\/v2\/posts\/59361","targetHints":{"allow":["GET"]}}],"collection":[{"href":"https:\/\/247stiri.ro\/index.php\/wp-json\/wp\/v2\/posts"}],"about":[{"href":"https:\/\/247stiri.ro\/index.php\/wp-json\/wp\/v2\/types\/post"}],"replies":[{"embeddable":true,"href":"https:\/\/247stiri.ro\/index.php\/wp-json\/wp\/v2\/comments?post=59361"}],"version-history":[{"count":0,"href":"https:\/\/247stiri.ro\/index.php\/wp-json\/wp\/v2\/posts\/59361\/revisions"}],"wp:featuredmedia":[{"embeddable":true,"href":"https:\/\/247stiri.ro\/index.php\/wp-json\/wp\/v2\/media\/59362"}],"wp:attachment":[{"href":"https:\/\/247stiri.ro\/index.php\/wp-json\/wp\/v2\/media?parent=59361"}],"wp:term":[{"taxonomy":"category","embeddable":true,"href":"https:\/\/247stiri.ro\/index.php\/wp-json\/wp\/v2\/categories?post=59361"},{"taxonomy":"post_tag","embeddable":true,"href":"https:\/\/247stiri.ro\/index.php\/wp-json\/wp\/v2\/tags?post=59361"}],"curies":[{"name":"wp","href":"https:\/\/api.w.org\/{rel}","templated":true}]}}