{"id":59363,"date":"2026-01-20T08:45:17","date_gmt":"2026-01-20T08:45:17","guid":{"rendered":"https:\/\/247stiri.ro\/index.php\/2026\/01\/20\/pericol-de-otravire-in-ciulnita-din-cauza-unei-fabrici-de-deseuri-animale-compania-a-dat-in-judecata-oamenii-care-se-lupta-pentru-sanatatea-lor\/"},"modified":"2026-01-20T08:45:17","modified_gmt":"2026-01-20T08:45:17","slug":"pericol-de-otravire-in-ciulnita-din-cauza-unei-fabrici-de-deseuri-animale-compania-a-dat-in-judecata-oamenii-care-se-lupta-pentru-sanatatea-lor","status":"publish","type":"post","link":"https:\/\/247stiri.ro\/index.php\/2026\/01\/20\/pericol-de-otravire-in-ciulnita-din-cauza-unei-fabrici-de-deseuri-animale-compania-a-dat-in-judecata-oamenii-care-se-lupta-pentru-sanatatea-lor\/","title":{"rendered":"Pericol de otr\u0103vire \u00een Ciulni\u021ba din cauza unei fabrici de de\u0219euri animale. Compania a dat \u00een judecat\u0103 oamenii care se lupt\u0103 pentru s\u0103n\u0103tatea lor"},"content":{"rendered":"<p>Mai mul\u021bi locuitori din comuna Ciunli\u021ba, jude\u021bul Ialomi\u021ba, acuz\u0103 c\u0103 sunt expu\u0219i unui pericol real din cauza unei fabrici de prelucrare a de\u0219eurilor animale amplasat\u0103 la aproximativ 700 de metri de casele lor.<\/p>\n<p>Oamenii sus\u021bin c\u0103, de ani buni, sunt nevoi\u021bi s\u0103 suporte un miros insuportabil care p\u0103trunde \u00een locuin\u021be \u0219i se tem c\u0103 acesta le-ar putea afecta s\u0103n\u0103tatea.<\/p>\n<p>Localnicii afirm\u0103 c\u0103 au formulat \u00een repetate r\u00e2nduri sesiz\u0103ri c\u0103tre autorit\u0103\u021bi, inclusiv c\u0103tre Direc\u021bia de S\u0103n\u0103tate Public\u0103 Ialomi\u021ba \u0219i Garda de Mediu, cer\u00e2nd investigarea situa\u021biei \u0219i luarea unor m\u0103suri concrete. \u00cen acela\u0219i timp, ace\u0219tia au solicitat explica\u021bii \u0219i conducerii companiei, despre care spun c\u0103 este de\u021binut\u0103 de un grup cu capital german.<\/p>\n<p>Potrivit oamenilor, \u00een loc s\u0103 primeasc\u0103 un r\u0103spuns clar sau solu\u021bii, s-au trezit implica\u021bi \u00eentr-un proces, fabrica cer\u00e2ndu-le desp\u0103gubiri de aproximativ 20 de milioane de euro pentru prejudicii de imagine.<\/p>\n<p>Situa\u021bia r\u0103m\u00e2ne tensionat\u0103, iar oamenii din Ciunli\u021ba cer interven\u021bia ferm\u0103 a autorit\u0103\u021bilor pentru a verifica activit\u0103\u021bile desf\u0103\u0219urate \u00een zona respectiv\u0103.<\/p>","protected":false},"excerpt":{"rendered":"<p>Mai mul\u021bi locuitori din comuna Ciunli\u021ba, jude\u021bul Ialomi\u021ba, acuz\u0103 c\u0103 sunt expu\u0219i unui pericol real&hellip;<\/p>\n","protected":false},"author":0,"featured_media":59364,"comment_status":"open","ping_status":"open","sticky":false,"template":"","format":"standard","meta":{"footnotes":""},"categories":[2],"tags":[],"class_list":["post-59363","post","type-post","status-publish","format-standard","has-post-thumbnail","hentry","category-actual"],"_links":{"self":[{"href":"https:\/\/247stiri.ro\/index.php\/wp-json\/wp\/v2\/posts\/59363","targetHints":{"allow":["GET"]}}],"collection":[{"href":"https:\/\/247stiri.ro\/index.php\/wp-json\/wp\/v2\/posts"}],"about":[{"href":"https:\/\/247stiri.ro\/index.php\/wp-json\/wp\/v2\/types\/post"}],"replies":[{"embeddable":true,"href":"https:\/\/247stiri.ro\/index.php\/wp-json\/wp\/v2\/comments?post=59363"}],"version-history":[{"count":0,"href":"https:\/\/247stiri.ro\/index.php\/wp-json\/wp\/v2\/posts\/59363\/revisions"}],"wp:featuredmedia":[{"embeddable":true,"href":"https:\/\/247stiri.ro\/index.php\/wp-json\/wp\/v2\/media\/59364"}],"wp:attachment":[{"href":"https:\/\/247stiri.ro\/index.php\/wp-json\/wp\/v2\/media?parent=59363"}],"wp:term":[{"taxonomy":"category","embeddable":true,"href":"https:\/\/247stiri.ro\/index.php\/wp-json\/wp\/v2\/categories?post=59363"},{"taxonomy":"post_tag","embeddable":true,"href":"https:\/\/247stiri.ro\/index.php\/wp-json\/wp\/v2\/tags?post=59363"}],"curies":[{"name":"wp","href":"https:\/\/api.w.org\/{rel}","templated":true}]}}