{"id":59365,"date":"2026-01-20T08:45:18","date_gmt":"2026-01-20T08:45:18","guid":{"rendered":"https:\/\/247stiri.ro\/index.php\/2026\/01\/20\/grindeanu-despre-atacul-orchestrat-la-ministrul-justitiei-in-perioada-numirii-sefilor-de-parchete-e-o-treaba-care-a-fost-brevetata-in-urma-cu-mult-timp\/"},"modified":"2026-01-20T08:45:18","modified_gmt":"2026-01-20T08:45:18","slug":"grindeanu-despre-atacul-orchestrat-la-ministrul-justitiei-in-perioada-numirii-sefilor-de-parchete-e-o-treaba-care-a-fost-brevetata-in-urma-cu-mult-timp","status":"publish","type":"post","link":"https:\/\/247stiri.ro\/index.php\/2026\/01\/20\/grindeanu-despre-atacul-orchestrat-la-ministrul-justitiei-in-perioada-numirii-sefilor-de-parchete-e-o-treaba-care-a-fost-brevetata-in-urma-cu-mult-timp\/","title":{"rendered":"Grindeanu, despre atacul orchestrat la ministrul Justi\u021biei \u00een perioada numirii \u0219efilor de parchete: \u201eE o treab\u0103 care a fost brevetat\u0103 \u00een urm\u0103 cu mult timp\u201d"},"content":{"rendered":"<p>Grindeanu a precizat c\u0103, dac\u0103 se va dovedi c\u0103 legea nu a fost respectat\u0103, \u201esitua\u021bia trebuie corectat\u0103\u201d, \u00eens\u0103 \u0219i-a exprimat \u00eencrederea c\u0103 Marinescu a respectat toate obliga\u021biile legale la momentul sus\u021binerii lucr\u0103rii.<\/p>\n<p>\u201eEu spun a\u015fa: dac\u0103 cineva nu a respectat legea trebuie s\u0103 pl\u0103teasc\u0103. Eu am \u00eencredere c\u0103 ceea ce a declarat Radu Marinescu \u2013 \u015fi anume c\u0103 a respectat legea \u00een vigoare atunci c\u00e2nd \u015fi-a \u0163inut doctoratul, \u00een urm\u0103 cu 20 de ani, dac\u0103 nu m\u0103 \u00een\u015fel, a respectat, repet, legea. Dac\u0103 n-a f\u0103cut acest lucru asta este o treab\u0103 pe care va trebui s\u0103 o \u00eendrept\u0103m. Dar nu cred\u201d, a spus liderul PSD la un post TV.<\/p>\n<p>Atacul la Marinescu, \u201ebrevetat \u00een urm\u0103 cu mult timp\u201d: \u201e\u0218tim de ce e acest atac\u201d<\/p>\n<p>Grindeanu a ad\u0103ugat c\u0103 atacurile la adresa ministrului Justi\u021biei nu sunt noi \u0219i fac parte dintr-un \u201escenariu vechi\u201d, menit s\u0103 for\u021beze \u00eenl\u0103turarea acestuia din func\u021bie.<\/p>\n<p>\u201e\u015etim foarte bine ce s-a \u00eent\u00e2mplat \u015fi de ce e acest atac. E str\u0103vezie aceast\u0103 schem\u0103 pe care ace\u015fti domni o pun \u00een aplicare de ani buni. E o treab\u0103 care a fost brevetat\u0103 \u00een urm\u0103 cu mult timp. Se \u00een\u0163elege foarte bine ceea ce se dore\u015fte prin \u00eenl\u0103turarea ministrului Marinescu\u201d, a afirmat el.<\/p>\n<p>Liderul social-democrat a men\u021bionat c\u0103 Marinescu, descris drept \u201e\u0219ef de promo\u021bie \u0219i student eminent\u201d, este \u00een prezent evaluat de o comisie care analizeaz\u0103 lucrarea de doctorat.<\/p>\n<p>\u201e\u015etiu c\u0103 Radu Marinescu a fost \u015fef de promo\u0163ie, a fost un student eminent. Sunt convins c\u0103 a respectat legea. E o comisie care analizeaz\u0103 \u00een acest moment aceast\u0103 lucrare. P\u00e2n\u0103 atunci, Radu Marinescu are toat\u0103 sus\u0163inerea PSD, f\u0103r\u0103 niciun fel de ezitare\u201d, a mai spus pre\u0219edintele PSD.<\/p>\n<p>Totodat\u0103, pre\u0219edintele PSD a respins afirma\u021biile privind eventuale negocieri cu pre\u0219edintele Nicu\u0219or Dan pentru numirea procurorilor-\u0219efi, preciz\u00e2nd c\u0103 aceste func\u021bii se ocup\u0103 exclusiv prin concurs.<\/p>\n<p>\u201eNu negociez procurorii \u015fefi \u015fi nu cred c\u0103 o face nici pre\u015fedintele Rom\u00e2niei. Eu \u015ftiu c\u0103 se d\u0103 un concurs pe aceste func\u0163ii. Acest concurs a fost demarat cred c\u0103 la \u00eenceputul acestei luni. Acest lucru nu e de negociat\u201d, a mai spus liderul PSD, a precizat Grindeanu, ad\u0103ug\u00e2nd c\u0103 nu are niciun interes pentru func\u021bia de director al Serviciului Rom\u00e2n de Informa\u021bii.<\/p>","protected":false},"excerpt":{"rendered":"<p>Grindeanu a precizat c\u0103, dac\u0103 se va dovedi c\u0103 legea nu a fost respectat\u0103, \u201esitua\u021bia&hellip;<\/p>\n","protected":false},"author":0,"featured_media":59360,"comment_status":"open","ping_status":"open","sticky":false,"template":"","format":"standard","meta":{"footnotes":""},"categories":[2],"tags":[],"class_list":["post-59365","post","type-post","status-publish","format-standard","has-post-thumbnail","hentry","category-actual"],"_links":{"self":[{"href":"https:\/\/247stiri.ro\/index.php\/wp-json\/wp\/v2\/posts\/59365","targetHints":{"allow":["GET"]}}],"collection":[{"href":"https:\/\/247stiri.ro\/index.php\/wp-json\/wp\/v2\/posts"}],"about":[{"href":"https:\/\/247stiri.ro\/index.php\/wp-json\/wp\/v2\/types\/post"}],"replies":[{"embeddable":true,"href":"https:\/\/247stiri.ro\/index.php\/wp-json\/wp\/v2\/comments?post=59365"}],"version-history":[{"count":0,"href":"https:\/\/247stiri.ro\/index.php\/wp-json\/wp\/v2\/posts\/59365\/revisions"}],"wp:featuredmedia":[{"embeddable":true,"href":"https:\/\/247stiri.ro\/index.php\/wp-json\/wp\/v2\/media\/59360"}],"wp:attachment":[{"href":"https:\/\/247stiri.ro\/index.php\/wp-json\/wp\/v2\/media?parent=59365"}],"wp:term":[{"taxonomy":"category","embeddable":true,"href":"https:\/\/247stiri.ro\/index.php\/wp-json\/wp\/v2\/categories?post=59365"},{"taxonomy":"post_tag","embeddable":true,"href":"https:\/\/247stiri.ro\/index.php\/wp-json\/wp\/v2\/tags?post=59365"}],"curies":[{"name":"wp","href":"https:\/\/api.w.org\/{rel}","templated":true}]}}