{"id":59368,"date":"2026-01-20T08:45:20","date_gmt":"2026-01-20T08:45:20","guid":{"rendered":"https:\/\/247stiri.ro\/index.php\/2026\/01\/20\/trump-sugereaza-anexarea-groenlandei-si-canadei-intr-o-serie-de-imagini-publicate-online-presedintele-sua-a-facut-public-un-mesaj-privat-de-la-macron-privind-o-propunere-de-g7-cu-rusia\/"},"modified":"2026-01-20T08:45:20","modified_gmt":"2026-01-20T08:45:20","slug":"trump-sugereaza-anexarea-groenlandei-si-canadei-intr-o-serie-de-imagini-publicate-online-presedintele-sua-a-facut-public-un-mesaj-privat-de-la-macron-privind-o-propunere-de-g7-cu-rusia","status":"publish","type":"post","link":"https:\/\/247stiri.ro\/index.php\/2026\/01\/20\/trump-sugereaza-anexarea-groenlandei-si-canadei-intr-o-serie-de-imagini-publicate-online-presedintele-sua-a-facut-public-un-mesaj-privat-de-la-macron-privind-o-propunere-de-g7-cu-rusia\/","title":{"rendered":"Trump sugereaz\u0103 anexarea Groenlandei \u0219i Canadei \u00eentr-o serie de imagini publicate online. Pre\u0219edintele SUA a f\u0103cut public un mesaj privat de la Macron, privind o propunere de G7 cu Rusia"},"content":{"rendered":"<p>Mesajele au st\u00e2rnit numeroase reac\u021bii \u0219i \u00eengrijor\u0103ri \u00een Europa, mai ales dup\u0103 ce liderul american a declarat c\u0103 statele europene ar trebui \u201es\u0103 uite de Groenlanda\u201d \u0219i s\u0103-\u0219i concentreze aten\u021bia asupra r\u0103zboiului din Ucraina.<\/p>\n<p>\u00centr-o conversa\u021bie recent\u0103 cu secretarul general al NATO, Mark Rutte, Trump ar fi afirmat c\u0103 \u201enu mai exist\u0103 cale de \u00eentoarcere\u201d \u00een privin\u021ba achizi\u021biei Groenlandei, relu\u00e2nd o idee pe care o exprimase \u00eenc\u0103 din primul s\u0103u mandat.<\/p>\n<p>De asemenea, Trump a publicat pe re\u021beaua lui de socializare, Truth Social, capturi de ecran ale unui mesaj trimis de omologul s\u0103u francez Emmanuel Macron, \u00een care liderul de la \u00c9lys\u00e9e propune organizarea unei reuniuni G7, joi, la Paris, cu participarea Rusiei.<\/p>\n<p>Anturajul pre\u0219edintelui francez a confirmat pentru AFP autenticitatea mesajului. \u00cen textul transmis, Macron \u00eei scrie lui Trump c\u0103 poate g\u0103zdui o \u00eent\u00e2lnire, joi dup\u0103-amiaz\u0103, dup\u0103 Forumul de la Davos, \u201e\u00eentr-un format G7, cu Rusia\u201d. Potrivit capturilor publicate, \u015feful statului francez l-a invitat totodat\u0103 pe omologul s\u0103u american la o cin\u0103 la Paris \u00een aceea\u015fi zi.<\/p>\n<p>R\u0103spunsul lui Donald Trump nu apare \u00eens\u0103 \u00een capturile de ecran difuzate.<\/p>","protected":false},"excerpt":{"rendered":"<p>Mesajele au st\u00e2rnit numeroase reac\u021bii \u0219i \u00eengrijor\u0103ri \u00een Europa, mai ales dup\u0103 ce liderul american&hellip;<\/p>\n","protected":false},"author":0,"featured_media":59343,"comment_status":"open","ping_status":"open","sticky":false,"template":"","format":"standard","meta":{"footnotes":""},"categories":[2],"tags":[],"class_list":["post-59368","post","type-post","status-publish","format-standard","has-post-thumbnail","hentry","category-actual"],"_links":{"self":[{"href":"https:\/\/247stiri.ro\/index.php\/wp-json\/wp\/v2\/posts\/59368","targetHints":{"allow":["GET"]}}],"collection":[{"href":"https:\/\/247stiri.ro\/index.php\/wp-json\/wp\/v2\/posts"}],"about":[{"href":"https:\/\/247stiri.ro\/index.php\/wp-json\/wp\/v2\/types\/post"}],"replies":[{"embeddable":true,"href":"https:\/\/247stiri.ro\/index.php\/wp-json\/wp\/v2\/comments?post=59368"}],"version-history":[{"count":0,"href":"https:\/\/247stiri.ro\/index.php\/wp-json\/wp\/v2\/posts\/59368\/revisions"}],"wp:featuredmedia":[{"embeddable":true,"href":"https:\/\/247stiri.ro\/index.php\/wp-json\/wp\/v2\/media\/59343"}],"wp:attachment":[{"href":"https:\/\/247stiri.ro\/index.php\/wp-json\/wp\/v2\/media?parent=59368"}],"wp:term":[{"taxonomy":"category","embeddable":true,"href":"https:\/\/247stiri.ro\/index.php\/wp-json\/wp\/v2\/categories?post=59368"},{"taxonomy":"post_tag","embeddable":true,"href":"https:\/\/247stiri.ro\/index.php\/wp-json\/wp\/v2\/tags?post=59368"}],"curies":[{"name":"wp","href":"https:\/\/api.w.org\/{rel}","templated":true}]}}