{"id":59373,"date":"2026-01-20T09:45:19","date_gmt":"2026-01-20T09:45:19","guid":{"rendered":"https:\/\/247stiri.ro\/index.php\/2026\/01\/20\/planul-disperat-al-lui-ciprian-ciucu-pentru-a-aduce-bani-la-pmb-soferii-cei-mai-afectati-de-masurile-dure-se-vor-da-amenzi-pe-banda-rulanta\/"},"modified":"2026-01-20T09:45:19","modified_gmt":"2026-01-20T09:45:19","slug":"planul-disperat-al-lui-ciprian-ciucu-pentru-a-aduce-bani-la-pmb-soferii-cei-mai-afectati-de-masurile-dure-se-vor-da-amenzi-pe-banda-rulanta","status":"publish","type":"post","link":"https:\/\/247stiri.ro\/index.php\/2026\/01\/20\/planul-disperat-al-lui-ciprian-ciucu-pentru-a-aduce-bani-la-pmb-soferii-cei-mai-afectati-de-masurile-dure-se-vor-da-amenzi-pe-banda-rulanta\/","title":{"rendered":"Planul disperat al lui Ciprian Ciucu pentru a aduce bani la PMB. \u0218oferii, cei mai afecta\u021bi de m\u0103surile dure: se vor da amenzi pe band\u0103 rulant\u0103"},"content":{"rendered":"<p>\u201eAst\u0103zi, serviciul de parc\u0103ri este o glum\u0103! Ca s\u0103 v\u0103 face\u021bi o idee, \u00een medie, pentru un loc de parcare \u00eencas\u0103m din 12 ore doar 2 ore\u201d, spune Ciucu, care anun\u021b\u0103 c\u0103 a cerut Poli\u021biei Locale s\u0103 reia aplicarea amenzilor pentru neplata parc\u0103rii. \u201eAm dat dispozi\u021bie Poli\u021biei Locale ca de s\u0103pt\u0103m\u00e2na aceasta s\u0103 taie amenzi pentru cei care nu pl\u0103tesc parcarea.\u201d<\/p>\n<p>Ciprian Ciucu anun\u021b\u0103 vremuri grele pentru \u0219oferi<\/p>\n<p>Edilul sus\u021bine c\u0103 situa\u021bia a sc\u0103pat de sub control din cauza \u201eavalan\u0219ei de gratuit\u0103\u021bi\u201d, de\u0219i aceste gratuit\u0103\u021bi au fost tolerate ani la r\u00e2nd, f\u0103r\u0103 o reform\u0103 real\u0103. \u201eAproximativ 100.000 de ma\u0219ini au gratuit\u0103\u021bi pe aproximativ 40.000 de locuri de parcare. Deci, actuala politic\u0103 este caduc\u0103, este un non-sens\u201d, afirm\u0103 Ciucu.<\/p>\n<p>Primarul recunoa\u0219te \u0219i existen\u021ba unor fraude cu \u00eensemne pentru persoane cu dizabilit\u0103\u021bi, dar nu explic\u0103 de ce verific\u0103rile au lipsit p\u00e2n\u0103 acum. \u201eVom men\u021bine gratuitatea, dar doar pe cele 4% locuri pe care le organiz\u0103m cu aceast\u0103 destina\u021bie, conform legii\u201d, spune el.<\/p>\n<p>Ce spune primarul general despre noi locuri de parcare<\/p>\n<p>\u00cen plus, Ciucu admite c\u0103 nu are \u00eenc\u0103 o solu\u021bie pentru cele 86.000 de ma\u0219ini electrice \u0219i hibride care beneficiaz\u0103 de gratuitate, de\u0219i acestea anuleaz\u0103 \u201emai mult de jum\u0103tate din \u00eencas\u0103ri\u201d. \u201eBugetul PMB este \u00een piuneze\u201d, afirm\u0103 primarul, f\u0103r\u0103 a preciza de ce m\u0103surile vin abia acum.<\/p>\n<p>Edilul promite \u0219i noi locuri de parcare, dar doar \u201e\u00een func\u021bie de buget\u201d \u0219i eventual prin parteneriate public\u2011privat. \u201eMai am nevoie de timp s\u0103 creionez o politic\u0103 consistent\u0103. Momentan doar punem la punct ce exist\u0103\u201d, spune Ciucu, suger\u00e2nd c\u0103 solu\u021biile concrete vor mai \u00eent\u00e2rzia. Tot el anun\u021b\u0103 c\u0103 viceprimarul Stelian Bujduveranu lucreaz\u0103 la opera\u021bionalizarea unui serviciu propriu de ridic\u0103ri auto, care ar urma s\u0103 func\u021bioneze \u00een Inelul Central, \u00eens\u0103 decizia final\u0103 depinde de discu\u021biile cu primarii de sector.<\/p>","protected":false},"excerpt":{"rendered":"<p>\u201eAst\u0103zi, serviciul de parc\u0103ri este o glum\u0103! Ca s\u0103 v\u0103 face\u021bi o idee, \u00een medie,&hellip;<\/p>\n","protected":false},"author":0,"featured_media":59374,"comment_status":"open","ping_status":"open","sticky":false,"template":"","format":"standard","meta":{"footnotes":""},"categories":[3],"tags":[],"class_list":["post-59373","post","type-post","status-publish","format-standard","has-post-thumbnail","hentry","category-politica"],"_links":{"self":[{"href":"https:\/\/247stiri.ro\/index.php\/wp-json\/wp\/v2\/posts\/59373","targetHints":{"allow":["GET"]}}],"collection":[{"href":"https:\/\/247stiri.ro\/index.php\/wp-json\/wp\/v2\/posts"}],"about":[{"href":"https:\/\/247stiri.ro\/index.php\/wp-json\/wp\/v2\/types\/post"}],"replies":[{"embeddable":true,"href":"https:\/\/247stiri.ro\/index.php\/wp-json\/wp\/v2\/comments?post=59373"}],"version-history":[{"count":0,"href":"https:\/\/247stiri.ro\/index.php\/wp-json\/wp\/v2\/posts\/59373\/revisions"}],"wp:featuredmedia":[{"embeddable":true,"href":"https:\/\/247stiri.ro\/index.php\/wp-json\/wp\/v2\/media\/59374"}],"wp:attachment":[{"href":"https:\/\/247stiri.ro\/index.php\/wp-json\/wp\/v2\/media?parent=59373"}],"wp:term":[{"taxonomy":"category","embeddable":true,"href":"https:\/\/247stiri.ro\/index.php\/wp-json\/wp\/v2\/categories?post=59373"},{"taxonomy":"post_tag","embeddable":true,"href":"https:\/\/247stiri.ro\/index.php\/wp-json\/wp\/v2\/tags?post=59373"}],"curies":[{"name":"wp","href":"https:\/\/api.w.org\/{rel}","templated":true}]}}