{"id":59375,"date":"2026-01-20T09:45:21","date_gmt":"2026-01-20T09:45:21","guid":{"rendered":"https:\/\/247stiri.ro\/index.php\/2026\/01\/20\/sua-trimit-avioane-militare-in-groenlanda-dupa-ce-trump-si-a-exprimat-clar-dorinta-de-a-si-insusi-teritoriul\/"},"modified":"2026-01-20T09:45:21","modified_gmt":"2026-01-20T09:45:21","slug":"sua-trimit-avioane-militare-in-groenlanda-dupa-ce-trump-si-a-exprimat-clar-dorinta-de-a-si-insusi-teritoriul","status":"publish","type":"post","link":"https:\/\/247stiri.ro\/index.php\/2026\/01\/20\/sua-trimit-avioane-militare-in-groenlanda-dupa-ce-trump-si-a-exprimat-clar-dorinta-de-a-si-insusi-teritoriul\/","title":{"rendered":"SUA trimit avioane militare \u00een Groenlanda, dup\u0103 ce Trump \u0219i-a exprimat clar dorin\u021ba de a-\u0219i \u00eensu\u0219i teritoriul"},"content":{"rendered":"<p>Potrivit unui comunicat publicat pe platforma X, aeronavele care vor opera de la baza Pituffik Space din Groenlanda, al\u0103turi de cele de la bazele militare din SUA \u0219i Canada, vor sprijini o serie de \u201eactivit\u0103\u021bi NORAD planificate de mult timp\u201d, ce vizeaz\u0103 consolidarea cooper\u0103rii de ap\u0103rare dintre Statele Unite, Canada \u0219i Regatul Danemarcei.<\/p>\n<p>\u201eAceast\u0103 activitate a fost coordonat\u0103 cu Regatul Danemarcei, iar toate for\u021bele implicate dispun de autoriza\u021biile diplomatice necesare. Guvernul Groenlandei este, de asemenea, informat despre activit\u0103\u021bile planificate\u201d, a precizat NORAD, subliniind c\u0103 astfel de opera\u021biuni fac parte din rutina de ap\u0103rare nord-american\u0103.<\/p>\n<p>Avioane NORAD, trimise \u00een Groenlanda pentru opera\u021biuni militare<\/p>\n<p>Potrivit comunicatului, desf\u0103\u0219urarea face parte dintr-o serie de activit\u0103\u021bi planificate de mult timp, care consolideaz\u0103 cooperarea \u00een domeniul ap\u0103r\u0103rii \u00eentre Statele Unite, Canada \u0219i Danemarca.<\/p>\n<p>NORAD a subliniat c\u0103 opera\u021biunile sunt coordonate cu autorit\u0103\u021bile daneze \u0219i desf\u0103\u0219urate cu toate aprob\u0103rile diplomatice necesare, iar Groenlanda a fost informat\u0103 \u00een prealabil despre misiune.<\/p>\n<p>Aeronavele vor sprijini opera\u021biuni de rutin\u0103 pentru ap\u0103rarea spa\u021biului nord-american, se mai arat\u0103 \u00een anun\u021b.<\/p>\n<p>North American Aerospace Defense Command (NORAD) aircraft will soon arrive at Pituffik Space Base, Greenland. Along with aircraft operating from bases in the continental United States and Canada, they will support various long-planned NORAD activities, building on the enduring\u2026<\/p>\n<p>\u2014 North American Aerospace Defense Command (@NORADCommand) <a href=\"https:\/\/twitter.com\/NORADCommand\/status\/2013326903063781489?ref_src=twsrc%5Etfw\">January 19, 2026<\/a><\/p>\n<p>Baza Spa\u021bial\u0103 Pituffik, cunoscut\u0103 anterior sub numele de Baza Aerian\u0103 Thule, este o instala\u021bie militar\u0103 american\u0103 aflat\u0103 \u00een nord-vestul Groenlandei, folosit\u0103 pentru comunica\u021bii \u0219i supraveghere strategic\u0103, inclusiv \u00een cadrul sistemului de avertizare \u00eempotriva atacurilor cu rachete.<\/p>\n<p>Unii anali\u0219ti consider\u0103 c\u0103 SUA nu au un motiv real s\u0103 preia controlul direct asupra Groenlandei, \u00eentruc\u00e2t ap\u0103rarea teritoriului poate fi asigurat\u0103 \u00een continuare prin acorduri existente, precum cel care include \u0219i NORAD.<\/p>\n<p>Donald Trump, tot mai insistent cu privire la preluarea Groenlandei<\/p>\n<p>Declara\u021bia a fost publicat\u0103 \u00een contextul \u00een care Donald Trump promoveaz\u0103 \u00een ultimele s\u0103pt\u0103m\u00e2ni ideea ca SUA s\u0103 ob\u021bin\u0103 controlul asupra Groenlandei, teritoriu bogat \u00een resurse minerale \u0219i strategic pentru securitatea na\u021bional\u0103 american\u0103.<\/p>\n<p>Liderul de la Washington a anun\u021bat recent introducerea unor tarife vamale de 10% pentru importurile din opt state europene, m\u0103sur\u0103 pe care o leag\u0103 de planul s\u0103u de a achizi\u021biona teritoriul semiautonom de la Danemarca.<\/p>\n<p>Trump a refuzat s\u0103 comenteze, \u00eentr-un interviu acordat NBC News, dac\u0103 Statele Unite ar putea recurge la for\u021b\u0103 pentru a prelua controlul asupra Groenlandei.<\/p>\n<p>\u00centre timp, mai mul\u021bi congresmeni republicani s-au distan\u021bat de ini\u021biativa pre\u0219edintelui: Don Bacon (Nebraska) a declarat c\u0103 ar lua \u00een considerare o procedur\u0103 de impeachment dac\u0103 SUA ar invada Groenlanda, iar Michael McCaul (Texas) a avertizat c\u0103 o ac\u021biune militar\u0103 american\u0103 \u00een regiune ar \u00eensemna \u201er\u0103zboi cu NATO\u201d.<\/p>","protected":false},"excerpt":{"rendered":"<p>Potrivit unui comunicat publicat pe platforma X, aeronavele care vor opera de la baza Pituffik&hellip;<\/p>\n","protected":false},"author":0,"featured_media":59372,"comment_status":"open","ping_status":"open","sticky":false,"template":"","format":"standard","meta":{"footnotes":""},"categories":[2],"tags":[],"class_list":["post-59375","post","type-post","status-publish","format-standard","has-post-thumbnail","hentry","category-actual"],"_links":{"self":[{"href":"https:\/\/247stiri.ro\/index.php\/wp-json\/wp\/v2\/posts\/59375","targetHints":{"allow":["GET"]}}],"collection":[{"href":"https:\/\/247stiri.ro\/index.php\/wp-json\/wp\/v2\/posts"}],"about":[{"href":"https:\/\/247stiri.ro\/index.php\/wp-json\/wp\/v2\/types\/post"}],"replies":[{"embeddable":true,"href":"https:\/\/247stiri.ro\/index.php\/wp-json\/wp\/v2\/comments?post=59375"}],"version-history":[{"count":0,"href":"https:\/\/247stiri.ro\/index.php\/wp-json\/wp\/v2\/posts\/59375\/revisions"}],"wp:featuredmedia":[{"embeddable":true,"href":"https:\/\/247stiri.ro\/index.php\/wp-json\/wp\/v2\/media\/59372"}],"wp:attachment":[{"href":"https:\/\/247stiri.ro\/index.php\/wp-json\/wp\/v2\/media?parent=59375"}],"wp:term":[{"taxonomy":"category","embeddable":true,"href":"https:\/\/247stiri.ro\/index.php\/wp-json\/wp\/v2\/categories?post=59375"},{"taxonomy":"post_tag","embeddable":true,"href":"https:\/\/247stiri.ro\/index.php\/wp-json\/wp\/v2\/tags?post=59375"}],"curies":[{"name":"wp","href":"https:\/\/api.w.org\/{rel}","templated":true}]}}