{"id":596,"date":"2024-10-21T13:44:51","date_gmt":"2024-10-21T13:44:51","guid":{"rendered":"https:\/\/247stiri.ro\/index.php\/2024\/10\/21\/iohannis-prima-reactie-dupa-votul-la-referendumul-din-republica-moldova\/"},"modified":"2024-10-21T13:44:51","modified_gmt":"2024-10-21T13:44:51","slug":"iohannis-prima-reactie-dupa-votul-la-referendumul-din-republica-moldova","status":"publish","type":"post","link":"https:\/\/247stiri.ro\/index.php\/2024\/10\/21\/iohannis-prima-reactie-dupa-votul-la-referendumul-din-republica-moldova\/","title":{"rendered":"Iohannis, prima reac\u021bie dup\u0103 votul la referendumul din Republica Moldova"},"content":{"rendered":"<p>\u201dSalut votul pentru integrarea european\u0103 la referendumul din Republica Moldova \u015fi pentru sus\u0163inerea popular\u0103 exprimat\u0103 \u00een favoarea dnei Pre\u015fedinte Maia Sandu \u015fi a valorilor democratice. Destinul trebuie decis doar de cet\u0103\u0163enii s\u0103i!\u201d, este mesajul transmis de pre\u015fedintele Klaus Iohannis pe platforma X.<\/p>\n<p>Rezultatele preliminare arat\u0103 rezulalte foarte str\u00e2nse ale votului de la referendum. Ultimele date spun c\u0103 50,17% dintre aleg\u0103tori au votat \u201eda\u201d privind aderarea la Uniunea European\u0103, dup\u0103 ce tab\u0103r\u0103 \u201enu\u201d a condus pe timpul nop\u021bii.<\/p>\n<p>\u00a0<\/p>\n<p>Salut votul pentru integrarea european\u0103 la referendumul din Republica Moldova \u0219i pentru sus\u021binerea popular\u0103 exprimat\u0103 \u00een favoarea dnei Pre\u0219edinte <a href=\"https:\/\/twitter.com\/sandumaiamd?ref_src=twsrc%5Etfw\">@sandumaiamd<\/a> \u015fi a valorilor democratice. Destinul \ud83c\uddf2\ud83c\udde9 trebuie decis doar de cet\u0103\u021benii s\u0103i!<\/p>\n<p>\u2014 Klaus Iohannis (@KlausIohannis) <a href=\"https:\/\/twitter.com\/KlausIohannis\/status\/1848347005052969399?ref_src=twsrc%5Etfw\">October 21, 2024<\/a><\/p>","protected":false},"excerpt":{"rendered":"<p>\u201dSalut votul pentru integrarea european\u0103 la referendumul din Republica Moldova \u015fi pentru sus\u0163inerea popular\u0103 exprimat\u0103&hellip;<\/p>\n","protected":false},"author":0,"featured_media":589,"comment_status":"open","ping_status":"open","sticky":false,"template":"","format":"standard","meta":{"footnotes":""},"categories":[2],"tags":[],"class_list":["post-596","post","type-post","status-publish","format-standard","has-post-thumbnail","hentry","category-actual"],"_links":{"self":[{"href":"https:\/\/247stiri.ro\/index.php\/wp-json\/wp\/v2\/posts\/596","targetHints":{"allow":["GET"]}}],"collection":[{"href":"https:\/\/247stiri.ro\/index.php\/wp-json\/wp\/v2\/posts"}],"about":[{"href":"https:\/\/247stiri.ro\/index.php\/wp-json\/wp\/v2\/types\/post"}],"replies":[{"embeddable":true,"href":"https:\/\/247stiri.ro\/index.php\/wp-json\/wp\/v2\/comments?post=596"}],"version-history":[{"count":0,"href":"https:\/\/247stiri.ro\/index.php\/wp-json\/wp\/v2\/posts\/596\/revisions"}],"wp:featuredmedia":[{"embeddable":true,"href":"https:\/\/247stiri.ro\/index.php\/wp-json\/wp\/v2\/media\/589"}],"wp:attachment":[{"href":"https:\/\/247stiri.ro\/index.php\/wp-json\/wp\/v2\/media?parent=596"}],"wp:term":[{"taxonomy":"category","embeddable":true,"href":"https:\/\/247stiri.ro\/index.php\/wp-json\/wp\/v2\/categories?post=596"},{"taxonomy":"post_tag","embeddable":true,"href":"https:\/\/247stiri.ro\/index.php\/wp-json\/wp\/v2\/tags?post=596"}],"curies":[{"name":"wp","href":"https:\/\/api.w.org\/{rel}","templated":true}]}}