{"id":598,"date":"2024-10-21T13:44:51","date_gmt":"2024-10-21T13:44:51","guid":{"rendered":"https:\/\/247stiri.ro\/index.php\/2024\/10\/21\/floarea-secreta-folosita-de-regina-cleopatra-in-ritualurile-pentru-infrumusetare-putini-stiu-de-beneficiile-sale-cosmetice\/"},"modified":"2024-10-21T13:44:51","modified_gmt":"2024-10-21T13:44:51","slug":"floarea-secreta-folosita-de-regina-cleopatra-in-ritualurile-pentru-infrumusetare-putini-stiu-de-beneficiile-sale-cosmetice","status":"publish","type":"post","link":"https:\/\/247stiri.ro\/index.php\/2024\/10\/21\/floarea-secreta-folosita-de-regina-cleopatra-in-ritualurile-pentru-infrumusetare-putini-stiu-de-beneficiile-sale-cosmetice\/","title":{"rendered":"Floarea secret\u0103 folosit\u0103 de regina Cleopatra \u00een ritualurile pentru \u00eenfrumuse\u021bare. Pu\u021bini \u0219tiu de beneficiile sale cosmetice"},"content":{"rendered":"<p>Istoricii \u0219i arheologii au descoperit indicii despre aceast\u0103 plant\u0103 misterioas\u0103 \u00een textele \u0219i artefactele antice, dezv\u0103luind importan\u021ba sa \u00een arsenalul de frumuse\u021be al reginei Cleopatra. Aroma \u0219i puterile vindec\u0103toare ale acestei plante au fost valorificate \u00een ritualurile de \u00eenfrumuse\u021bare ale reginei, contribuind la crea\u021bia unui aspect radiant \u0219i inconfundabil. Chiar \u0219i \u00een zilele noastre, aceast\u0103 plant\u0103 r\u0103m\u00e2ne un simbol al elegan\u021bei \u0219i rafinamentului asociat cu frumuse\u021bea Cleopatrei.<\/p>\n<p>Planta pe care regina Cleopatra o folosea \u00een ritualurile pentru \u00eenfrumuse\u021bare era negrilica. Frumuse\u021bea \u0219i str\u0103lucirea Cleopatrei sunt amintite cu admira\u021bie \u0219i respect \u00een legendele din Egiptul Antic, iar istoricii au reu\u0219it s\u0103 descopere numeroase secrete ale ritualurilor ei de \u00eenfrumuse\u021bare. Negrilica era o plant\u0103 esen\u021bial\u0103 \u00een tratamentele sale, fiind folosit\u0103 pentru a-\u0219i men\u021bine tenul curat \u0219i catifelat.<\/p>\n<p><a title=\"Bucurestenii vor avea caldura in case incepand de astazi. Nicusor Dan: Vor fi probleme, dar vor fi ceva mai putine decat iarna trecuta\" href=\"https:\/\/www.realitatea.net\/stiri\/actual\/bucurestenii-vor-avea-caldura-in-case-incepand-de-astazi-nicusor-dan-vor-fi-probleme-dar-vor-fi-ceva-mai-putine-decat-iarna-trecuta_671639c602b0e076f33ca925\">Bucure\u0219tenii vor avea c\u0103ldur\u0103 \u00een case \u00eencep\u00e2nd de ast\u0103zi. Nicu\u0219or Dan: Vor fi probleme, dar vor fi ceva mai pu\u0163ine dec\u00e2t iarna trecut\u0103<\/a><\/p>\n<p>Ultima regin\u0103 a Egiptului folosea uleiul ob\u021binut din aceast\u0103 plant\u0103 \u0219i \u00eel aplica at\u00e2t pe ten, c\u00e2t \u0219i pe p\u0103rul s\u0103u. Potrivit cercet\u0103rilor publicate \u00een revista Phytotherapy Research, negrilica are propriet\u0103\u021bi antioxidante, motiv pentru care este folosit\u0103 \u00een tratamente de \u00eenfrumuse\u021bare \u0219i nu numai.<\/p>\n<p>De fapt, studiile despre utilitatea negrilicii \u00een diverse domenii dateaz\u0103 \u00eenc\u0103 din perioada lui Hipocrate, cel care este considerat p\u0103rintele medicinei. El a descoperit puterea negrilicii (Nigella sativa) \u00een tratamentele pentru afec\u021biuni hepatice, dar \u0219i \u00een dezechilibre metabolice.<\/p>\n<p>Primul document \u00een care se face referire la negrilic\u0103 este chiar Vechiul Testament, \u00een cartea profetului Isaia, la versetele 28:25 \u0219i 27.<\/p>\n<p>Pe l\u00e2ng\u0103 beneficiile sale \u00een domeniul cosmeticii, negrilica este o plant\u0103 cu multiple beneficii nutri\u021bionale \u0219i medicinale. Aceast\u0103 plant\u0103, originar\u0103 din regiunea Mediteraneean\u0103 \u0219i din Asia de Vest, este utilizat\u0103 pentru numeroase afec\u021biuni \u0219i probleme de s\u0103n\u0103tate datorit\u0103 propriet\u0103\u021bilor sale terapeutice.<\/p>\n<p><a title=',,ENESCU, jupuit de viu\", regizat de Toma Enache, castigator la categoria ,,Cea mai buna muzica originala de film\" la ISFMF, Croatia' href=\"https:\/\/www.realitatea.net\/stiri\/actual\/enescu-jupuit-de-viu-regizat-de-toma-enache-castigator-la-categoria-cea-mai-buna-muzica-originala-de-film-la-isfmf-croatia_67164201f9d77a32923c6fe3\">\u201eENESCU, jupuit de viu\u201d, regizat de Toma Enache, c\u00e2\u0219tig\u0103tor la categoria \u201eCea mai bun\u0103 muzic\u0103 original\u0103 de film\u201d la ISFMF, Croa\u021bia<\/a><\/p>\n<p>Una dintre cele mai cunoscute utiliz\u0103ri ale negrilicii este \u00een tratarea afec\u021biunilor respiratorii precum astmul, bron\u0219itele sau reumatismul. Semin\u021bele de negrilic\u0103 au propriet\u0103\u021bi antiinflamatorii \u0219i antialergice, contribuind la ameliorarea simptomelor acestor boli. De asemenea, negrilica este apreciat\u0103 pentru efectele sale benefice \u00een tratarea infec\u021biilor \u0219i a bolilor cronice, datorit\u0103 con\u021binutului s\u0103u bogat \u00een elemente precum Omega-3, Omega-6 \u0219i acizi gra\u0219i esen\u021biali, care stimuleaz\u0103 sistemul imunitar \u0219i protejeaz\u0103 organismul \u00eempotriva bolilor.<\/p>\n<p>Pe l\u00e2ng\u0103 beneficiile medicinale, negrilica este folosit\u0103 \u0219i ca condiment \u00een buc\u0103t\u0103ria tradi\u021bional\u0103 \u0219i modern\u0103. Semin\u021bele m\u0103cinate de negrilic\u0103 adaug\u0103 un gust distinct \u0219i aromat preparatelor culinare, oferindu-le o not\u0103 u\u0219or am\u0103ruie, afumat\u0103 \u0219i iute. Ele pot fi folosite pentru aromatizarea br\u00e2nzei telemea sau pentru condimentarea diverselor preparate cu legume, oferindu-le o savoare deosebit\u0103. Gustul caracteristic al negrilicii, asem\u0103n\u0103tor cu cel al oregano-ului, face ca aceast\u0103 plant\u0103 s\u0103 fie apreciat\u0103 \u0219i utilizat\u0103 \u00een gastronomie pentru diversitatea pe care o aduce preparatelor culinare.\u00a0<a title=\"Confruntarea candidatilor pe drumul spre Cotroceni se vede pe Realitatea.NET! Ana Maria Pacuraru, tur de forta: TU DECIZI in ziua votului!\" href=\"https:\/\/www.realitatea.net\/stiri\/promo-tv\/confruntarea-candidatilor-pe-drumul-spre-cotroceni-se-vede-pe-realitateanet-ana-maria-pacuraru-tur-de-forta-tu-decizi-in-ziua-votului_66e3f00165043202c0728e41\">Confruntarea candida\u021bilor pe drumul spre Cotroceni se vede pe Realitatea.NET! Ana Maria P\u0103curaru, tur de for\u021b\u0103: TU DECIZI \u00een ziua votului!<\/a>\u00a0<\/p>","protected":false},"excerpt":{"rendered":"<p>Istoricii \u0219i arheologii au descoperit indicii despre aceast\u0103 plant\u0103 misterioas\u0103 \u00een textele \u0219i artefactele antice,&hellip;<\/p>\n","protected":false},"author":0,"featured_media":579,"comment_status":"open","ping_status":"open","sticky":false,"template":"","format":"standard","meta":{"footnotes":""},"categories":[2],"tags":[],"class_list":["post-598","post","type-post","status-publish","format-standard","has-post-thumbnail","hentry","category-actual"],"_links":{"self":[{"href":"https:\/\/247stiri.ro\/index.php\/wp-json\/wp\/v2\/posts\/598","targetHints":{"allow":["GET"]}}],"collection":[{"href":"https:\/\/247stiri.ro\/index.php\/wp-json\/wp\/v2\/posts"}],"about":[{"href":"https:\/\/247stiri.ro\/index.php\/wp-json\/wp\/v2\/types\/post"}],"replies":[{"embeddable":true,"href":"https:\/\/247stiri.ro\/index.php\/wp-json\/wp\/v2\/comments?post=598"}],"version-history":[{"count":0,"href":"https:\/\/247stiri.ro\/index.php\/wp-json\/wp\/v2\/posts\/598\/revisions"}],"wp:featuredmedia":[{"embeddable":true,"href":"https:\/\/247stiri.ro\/index.php\/wp-json\/wp\/v2\/media\/579"}],"wp:attachment":[{"href":"https:\/\/247stiri.ro\/index.php\/wp-json\/wp\/v2\/media?parent=598"}],"wp:term":[{"taxonomy":"category","embeddable":true,"href":"https:\/\/247stiri.ro\/index.php\/wp-json\/wp\/v2\/categories?post=598"},{"taxonomy":"post_tag","embeddable":true,"href":"https:\/\/247stiri.ro\/index.php\/wp-json\/wp\/v2\/tags?post=598"}],"curies":[{"name":"wp","href":"https:\/\/api.w.org\/{rel}","templated":true}]}}