{"id":5987,"date":"2024-11-10T05:50:35","date_gmt":"2024-11-10T05:50:35","guid":{"rendered":"https:\/\/247stiri.ro\/index.php\/2024\/11\/10\/facturile-la-energie-vor-exploda-dupa-expirarea-plafonarii-unii-consumatori-vor-ajunge-sa-plateasca-dublu\/"},"modified":"2024-11-10T05:50:35","modified_gmt":"2024-11-10T05:50:35","slug":"facturile-la-energie-vor-exploda-dupa-expirarea-plafonarii-unii-consumatori-vor-ajunge-sa-plateasca-dublu","status":"publish","type":"post","link":"https:\/\/247stiri.ro\/index.php\/2024\/11\/10\/facturile-la-energie-vor-exploda-dupa-expirarea-plafonarii-unii-consumatori-vor-ajunge-sa-plateasca-dublu\/","title":{"rendered":"Facturile la energie vor exploda dup\u0103 expirarea plafon\u0103rii! Unii consumatori vor ajunge s\u0103 pl\u0103teasc\u0103 dublu"},"content":{"rendered":"<p>Plafonarea pre\u021burilor la energie expir\u0103 \u00eens\u0103 de la 1 aprilie anul viitor, iar exper\u021bii spun c\u0103 cei mai afecta\u021bi vor fi rom\u00e2nii cu venituri mici. \u00cen unele cazuri facturile s-ar putea dubla, iar clien\u0163ii c\u0103rora le expir\u0103 contractele \u00een aceast\u0103 perioad\u0103 au \u00eenceput s\u0103 primeasc\u0103 notific\u0103ri cu noile pre\u0163uri pe care le vor pl\u0103ti de anul viitor. Unele oferte pornesc de la 1,3 lei pe kWh.<\/p>\n<p>Dac\u0103 ne raport\u0103m la o gospod\u0103rie care lunar consum\u0103 lunar 50 de kwh, pl\u0103te\u0219te \u00een aceste momente undeva la 34 de lei, iar din aprilie factura va ajunge la aproape 60 de lei. La un consum mai mare de 100 de kwh lunar factura va ajunge la 115 lei de la 68 de lei. \u00cen cazul unei familii care consum\u0103 lunar aproximativ 255 de kWh, atunci factura va ajunge de la 204 lei la 294 de lei pe lun\u0103.<\/p>\n<p>Ministrul Energiei promite \u00eens\u0103 c\u0103 statul va veni cu ajutoare pentru oamenii care nu \u00ee\u0219i permit costurile majorate.<\/p>\n<p>\u201ePentru romanii fara posibilitati cu siguranta va fi prelungita, vor exista subventii pentru romanii care au probleme in plata facturilor. S-a constituit un comitet interministerial ordonat de viceprimministru cu mine si doamna ministru de la Munca. Acest comitet are ca tema sa stabileasca masurile de sprijin de dupa 1 aprilie\u201d, a declarat Sebastian Burduja.<\/p>\n<p>Potrivit unui ordin ANRE, furnizorii sunt obliga\u021bi s\u0103 informeze clien\u021bii cu cel pu\u0163in o lun\u0103 \u00eenainte c\u0103 nu vor mai exista pre\u021buri plafonate.<\/p>","protected":false},"excerpt":{"rendered":"<p>Plafonarea pre\u021burilor la energie expir\u0103 \u00eens\u0103 de la 1 aprilie anul viitor, iar exper\u021bii spun&hellip;<\/p>\n","protected":false},"author":0,"featured_media":5988,"comment_status":"open","ping_status":"open","sticky":false,"template":"","format":"standard","meta":{"footnotes":""},"categories":[2],"tags":[],"class_list":["post-5987","post","type-post","status-publish","format-standard","has-post-thumbnail","hentry","category-actual"],"_links":{"self":[{"href":"https:\/\/247stiri.ro\/index.php\/wp-json\/wp\/v2\/posts\/5987","targetHints":{"allow":["GET"]}}],"collection":[{"href":"https:\/\/247stiri.ro\/index.php\/wp-json\/wp\/v2\/posts"}],"about":[{"href":"https:\/\/247stiri.ro\/index.php\/wp-json\/wp\/v2\/types\/post"}],"replies":[{"embeddable":true,"href":"https:\/\/247stiri.ro\/index.php\/wp-json\/wp\/v2\/comments?post=5987"}],"version-history":[{"count":0,"href":"https:\/\/247stiri.ro\/index.php\/wp-json\/wp\/v2\/posts\/5987\/revisions"}],"wp:featuredmedia":[{"embeddable":true,"href":"https:\/\/247stiri.ro\/index.php\/wp-json\/wp\/v2\/media\/5988"}],"wp:attachment":[{"href":"https:\/\/247stiri.ro\/index.php\/wp-json\/wp\/v2\/media?parent=5987"}],"wp:term":[{"taxonomy":"category","embeddable":true,"href":"https:\/\/247stiri.ro\/index.php\/wp-json\/wp\/v2\/categories?post=5987"},{"taxonomy":"post_tag","embeddable":true,"href":"https:\/\/247stiri.ro\/index.php\/wp-json\/wp\/v2\/tags?post=5987"}],"curies":[{"name":"wp","href":"https:\/\/api.w.org\/{rel}","templated":true}]}}