{"id":5992,"date":"2024-11-10T06:48:54","date_gmt":"2024-11-10T06:48:54","guid":{"rendered":"https:\/\/247stiri.ro\/index.php\/2024\/11\/10\/vreme-extrema-in-tara-primul-cod-galben-de-ninsori-unde-va-fi-cel-mai-frig-si-unde-o-sa-viscoleasca-prognoza-completa-de-la-anm\/"},"modified":"2024-11-10T06:48:54","modified_gmt":"2024-11-10T06:48:54","slug":"vreme-extrema-in-tara-primul-cod-galben-de-ninsori-unde-va-fi-cel-mai-frig-si-unde-o-sa-viscoleasca-prognoza-completa-de-la-anm","status":"publish","type":"post","link":"https:\/\/247stiri.ro\/index.php\/2024\/11\/10\/vreme-extrema-in-tara-primul-cod-galben-de-ninsori-unde-va-fi-cel-mai-frig-si-unde-o-sa-viscoleasca-prognoza-completa-de-la-anm\/","title":{"rendered":"Vreme extrem\u0103 \u00een \u021bar\u0103: primul cod galben de ninsori! Unde va fi cel mai frig \u0219i unde o s\u0103 viscoleasc\u0103 &#8211; Prognoza complet\u0103 de la ANM"},"content":{"rendered":"<p>\u201eVa ninge \u00een zonele vizate de aten\u021bionarea cod galben, mai exact \u00een zona montan\u0103 a jude\u021belor Prahova, Buz\u0103u, Vrancea, Bra\u0219ov \u0219i Covasna. Nisorile vor fi intense \u0219i vorbim de nisori la altitudini mai mari, de peste 1000 de metri. \u0218i trebuie precizat faptul c\u0103 stratul de z\u0103pad\u0103 ce se va depune va fi unul local consistent. Ne a\u0219tept\u0103m la grosimi, \u00een general, de 10-20 de centimetri s\u0103 dep\u0103\u0219easc\u0103 stratul de z\u0103pad\u0103. Dar trec\u0103tor precipita\u021bii sub form\u0103 de nisori \u0219i lapovit\u0103 vom vedea \u0219i \u00een zonele joase de relief, \u00een special \u00een zona subcarpatic\u0103 a Olteniei, a Munteniei, dar \u0219i a Moldovei, inclusiv \u00een zona municipiului Bucure\u0219ti.<\/p>\n<p>Este foarte posibil c\u0103 \u00een noaptea ce urmeaz\u0103 \u0219i \u00een noaptea de luni spre mar\u021bi s\u0103 vedem trec\u0103tor lapovi\u021b\u0103, precipita\u021bii slabe sub form\u0103 de lapovi\u021b\u0103.<\/p>\n<p>\u00cen restul \u021b\u0103rii o vreme mai stabil\u0103, precipita\u021bii slabe, dar pe suprafe\u021be restr\u00e2nse. \u0218i asta pentru c\u0103 precipita\u021biile se extind treptat, dup\u0103 cum \u00eenc\u0103 de ieri a anun\u021bat Administra\u021bia Na\u021bional\u0103 de Meteorologie, dinspre partea de sud-est a teritoriului.<\/p>\n<p>\u0218i vor fi de interes pentru sudul, sud-estul \u0219i local centrul \u021b\u0103rii, \u00een timp ce \u00een restul teritoriului precipita\u021biile slabe cantitativ, mai ales sub form\u0103 de ploaie, se vor semnala doar pe alocuri.<\/p>\n<p>\u00cenc\u0103 de ieri am resim\u021bit o r\u0103cire local semnificativ\u0103 \u00een regiunile extracarpatice, inclusiv \u00een zona municipiului Bucure\u0219ti, unde ieri am avut temperaturi mai coborate dec\u00e2t ziua anterioar\u0103, cu 7-8 grade Celsius. Ne vom confrunta cu valori de temperatur\u0103 mai mici dec\u00e2t cele normale perioadei, \u00een partea de sud, de sud-esta teritoriului, \u00een timp ce \u00een restul \u021b\u0103rii valorile de temperatur\u0103 se vor situa \u00een marea lor majoritate, \u00een jurul celor normale perioadei, ast\u0103zi \u0219i m\u00e2ine.<\/p>\n<p>Apoi mar\u021bi \u0219i miercuri, vremea va deveni rece \u00een majoritatea regiunilor, \u00eens\u0103 undeva dup\u0103 data de 17 noiembrie, apreciem c\u0103 valorile de temperatur\u0103 vor cre\u0219te u\u0219or \u0219i se vor apropia de cele ce \u00een mod normal ar trebui s\u0103 se \u00eenregistreze \u00een perioada \u00een care ne afl\u0103m\u201d, a spus meteorologul Oana Catrina.<\/p>\n<p><a href=\"https:\/\/www.realitatea.net\/stiri\/actual\/ninsori-in-romania-incepand-de-duminica-elena-mateescu-primul-cod-galben-ce-vizeaza-fenomene-de-iarna_672fd2b74bac0e7165096472\" target=\"_blank\" rel=\"noopener\">Ninsori \u00een Rom\u00e2nia \u00eencep\u00e2nd de duminic\u0103. Elena Mateescu: \u201ePrimul cod galben ce vizeaz\u0103 fenomene de iarn\u0103\u201d<\/a><\/p>","protected":false},"excerpt":{"rendered":"<p>\u201eVa ninge \u00een zonele vizate de aten\u021bionarea cod galben, mai exact \u00een zona montan\u0103 a&hellip;<\/p>\n","protected":false},"author":0,"featured_media":5993,"comment_status":"open","ping_status":"open","sticky":false,"template":"","format":"standard","meta":{"footnotes":""},"categories":[2],"tags":[],"class_list":["post-5992","post","type-post","status-publish","format-standard","has-post-thumbnail","hentry","category-actual"],"_links":{"self":[{"href":"https:\/\/247stiri.ro\/index.php\/wp-json\/wp\/v2\/posts\/5992","targetHints":{"allow":["GET"]}}],"collection":[{"href":"https:\/\/247stiri.ro\/index.php\/wp-json\/wp\/v2\/posts"}],"about":[{"href":"https:\/\/247stiri.ro\/index.php\/wp-json\/wp\/v2\/types\/post"}],"replies":[{"embeddable":true,"href":"https:\/\/247stiri.ro\/index.php\/wp-json\/wp\/v2\/comments?post=5992"}],"version-history":[{"count":0,"href":"https:\/\/247stiri.ro\/index.php\/wp-json\/wp\/v2\/posts\/5992\/revisions"}],"wp:featuredmedia":[{"embeddable":true,"href":"https:\/\/247stiri.ro\/index.php\/wp-json\/wp\/v2\/media\/5993"}],"wp:attachment":[{"href":"https:\/\/247stiri.ro\/index.php\/wp-json\/wp\/v2\/media?parent=5992"}],"wp:term":[{"taxonomy":"category","embeddable":true,"href":"https:\/\/247stiri.ro\/index.php\/wp-json\/wp\/v2\/categories?post=5992"},{"taxonomy":"post_tag","embeddable":true,"href":"https:\/\/247stiri.ro\/index.php\/wp-json\/wp\/v2\/tags?post=5992"}],"curies":[{"name":"wp","href":"https:\/\/api.w.org\/{rel}","templated":true}]}}