{"id":6008,"date":"2024-11-10T08:45:39","date_gmt":"2024-11-10T08:45:39","guid":{"rendered":"https:\/\/247stiri.ro\/index.php\/2024\/11\/10\/ploi-si-intensificari-ale-vantului-pana-marti-dimineata-anm-a-emis-noi-coduri-galbene-de-vreme-rea\/"},"modified":"2024-11-10T08:45:39","modified_gmt":"2024-11-10T08:45:39","slug":"ploi-si-intensificari-ale-vantului-pana-marti-dimineata-anm-a-emis-noi-coduri-galbene-de-vreme-rea","status":"publish","type":"post","link":"https:\/\/247stiri.ro\/index.php\/2024\/11\/10\/ploi-si-intensificari-ale-vantului-pana-marti-dimineata-anm-a-emis-noi-coduri-galbene-de-vreme-rea\/","title":{"rendered":"Ploi \u015fi intensific\u0103ri ale v\u00e2ntului, p\u00e2n\u0103 mar\u0163i diminea\u0163\u0103! ANM a emis noi coduri galbene de vreme rea"},"content":{"rendered":"<p>Administra\u0163ia Na\u0163ional\u0103 de Meteorologie (ANM) a emis o informare valabil\u0103 de duminic\u0103, de la ora 10.00, p\u00e2n\u0103 mar\u0163i, la aceea\u015fi or\u0103, aceasta viz\u00e2nd precipita\u0163ii moderate cantitativ, intensific\u0103ri ale v\u00e2ntului.<\/p>\n<p>\u201d\u00cen intervalul men\u0163ionat, \u00een sudul, sud-estul \u015fi local \u00een centrul \u0163\u0103rii va ploua, dar pe arii \u00een general restr\u00e2nse vor fi \u015fi precipita\u0163ii sub form\u0103 de lapovi\u0163\u0103 \u015fi ninsoare. \u00cen Carpa\u0163ii Orientali \u015fi Meridionali, vor fi precipita\u0163ii mixte, iar la altitudini de peste 1.000 m va ninge \u015fi se va depune strat de z\u0103pad\u0103, local consistent. Se vor acumula cantit\u0103\u0163i de 10&#8230;20 l\/mp \u015fi izolat de peste 30 l\/mp\u201d, a transmis ANM.<\/p>\n<p>Duminic\u0103, v\u00e2ntul va avea intensific\u0103ri \u00een jum\u0103tatea de sud a Moldovei, \u00een Dobrogea \u015fi \u00een cea mai mare parte a Munteniei, cu viteze \u00een general de 40&#8230;50 km\/h.<\/p>\n<p>Totodat\u0103, a fost emis\u0103 o aten\u0163ionare Cod galben privind intensific\u0103ri ale v\u00e2ntului, valabil\u0103 de duminic\u0103, de la ora 10.00, p\u00e2n\u0103 luni, la aceea\u015fi or\u0103, \u00een Dobrogea, sudul Moldovei \u015fi cea mai mare parte a Munteniei. Aici, local \u015fi temporar v\u00e2ntul va avea viteze la rafal\u0103 de 50&#8230;65 km\/h.<\/p>\n<p>Un alt Cod galben, de ploi \u00eensemnate cantitativ, este \u00een vigoare duminic\u0103, \u00eentre orele 10.00 \u015fi 23.00, \u00een jude\u0163ele Constan\u0163a, C\u0103l\u0103ra\u015fi, Ialomi\u0163a, Ilfov, municipiul Bucure\u015fti \u015fi zona joas\u0103 de relief a jude\u0163elor D\u00e2mbovi\u0163a \u015fi Prahova. Aici, va ploua \u00eensemnat cantitativ \u015fi se vor acumula 20&#8230;25 l\/mp \u015fi izolat peste 30 l\/mp.<\/p>\n<p>Meteorologii au emis un Cod galben de ninsori \u00eensemnate cantitativ \u015fi viscolite, valabil de duminic\u0103, de la ora 10.00, p\u00e2n\u0103 luni, la aceea\u015fi or\u0103, \u00een zona de munte a jude\u0163elor Vrancea, Buz\u0103u, Prahova, Bra\u015fov, D\u00e2mbovi\u0163a, Arge\u015f \u015fi V\u00e2lcea.<\/p>\n<p>\u201d\u00cen intervalul men\u0163ionat, \u00een zona de munte a jude\u0163elor Vrancea, Buz\u0103u, Prahova, Bra\u015fov, D\u00e2mbovi\u0163a, Arge\u015f \u015fi V\u00e2lcea, mai ales la altitudini de peste 1.000 m, temporar ninsorile vor fi intense \u015fi viscolite (viteze ale v\u00e2ntului de 40&#8230;55 km\/h) \u015fi se va depune strat de z\u0103pad\u0103, local de peste 10&#8230;20 cm\u201d, a transmis ANM.<\/p>\n<p>\u00cen zona municipiului Bucure\u015fti, de duminic\u0103, de la ora 12.00, p\u00e2n\u0103 luni, la ora 8.00, vremea va fi rece. Cerul va fi noros \u015fi temporar va ploua (se vor acumula cantit\u0103\u0163i de ap\u0103 de 15&#8230;20 l\/mp). V\u00e2ntul va sufla moderat cu intensific\u0103ri temporare (viteze la rafal\u0103 de 40&#8230;50 km\/h). Temperatura maxim\u0103 va fi de 6&#8230;7 grade, iar cea minim\u0103 de 3&#8230;4 grade.<\/p>\n<p>De luni diminea\u0163\u0103 p\u00e2n\u0103 mar\u0163i, la ora 10.00, vremea se va men\u0163ine rece. Cerul va fi mai mult noros \u015fi temporar va ploua, iar spre sf\u00e2r\u015fitul intervalului vor fi condi\u0163ii de lapovi\u0163\u0103. V\u00e2ntul va sufla slab \u015fi moderat. Temperatura maxim\u0103 se va situa \u00een jurul valorii de 8 grade, iar cea minim\u0103 va fi de 1&#8230;3 grade.<\/p>\n<p><a href=\"https:\/\/www.realitatea.net\/stiri\/actual\/vreme-extrema-in-tara-primul-cod-galben-de-ninsori-unde-va-fi-cel-mai-frig-si-unde-o-sa-viscoleasca-prognoza-completa-de-la-anm_67304fb1af8c1040447b0c82\" target=\"_blank\" rel=\"noopener\">Vreme extrem\u0103 \u00een \u021bar\u0103: primul cod galben de ninsori! Unde va fi cel mai frig \u0219i unde o s\u0103 viscoleasc\u0103 &#8211; Prognoza complet\u0103 de la ANM<\/a><\/p>","protected":false},"excerpt":{"rendered":"<p>Administra\u0163ia Na\u0163ional\u0103 de Meteorologie (ANM) a emis o informare valabil\u0103 de duminic\u0103, de la ora&hellip;<\/p>\n","protected":false},"author":0,"featured_media":6009,"comment_status":"open","ping_status":"open","sticky":false,"template":"","format":"standard","meta":{"footnotes":""},"categories":[2],"tags":[],"class_list":["post-6008","post","type-post","status-publish","format-standard","has-post-thumbnail","hentry","category-actual"],"_links":{"self":[{"href":"https:\/\/247stiri.ro\/index.php\/wp-json\/wp\/v2\/posts\/6008","targetHints":{"allow":["GET"]}}],"collection":[{"href":"https:\/\/247stiri.ro\/index.php\/wp-json\/wp\/v2\/posts"}],"about":[{"href":"https:\/\/247stiri.ro\/index.php\/wp-json\/wp\/v2\/types\/post"}],"replies":[{"embeddable":true,"href":"https:\/\/247stiri.ro\/index.php\/wp-json\/wp\/v2\/comments?post=6008"}],"version-history":[{"count":0,"href":"https:\/\/247stiri.ro\/index.php\/wp-json\/wp\/v2\/posts\/6008\/revisions"}],"wp:featuredmedia":[{"embeddable":true,"href":"https:\/\/247stiri.ro\/index.php\/wp-json\/wp\/v2\/media\/6009"}],"wp:attachment":[{"href":"https:\/\/247stiri.ro\/index.php\/wp-json\/wp\/v2\/media?parent=6008"}],"wp:term":[{"taxonomy":"category","embeddable":true,"href":"https:\/\/247stiri.ro\/index.php\/wp-json\/wp\/v2\/categories?post=6008"},{"taxonomy":"post_tag","embeddable":true,"href":"https:\/\/247stiri.ro\/index.php\/wp-json\/wp\/v2\/tags?post=6008"}],"curies":[{"name":"wp","href":"https:\/\/api.w.org\/{rel}","templated":true}]}}