{"id":6040,"date":"2024-11-10T11:46:35","date_gmt":"2024-11-10T11:46:35","guid":{"rendered":"https:\/\/247stiri.ro\/index.php\/2024\/11\/10\/numele-lui-basescu-folosit-abuziv-in-mediul-online-pentru-a-face-reclama-la-medicamente-reactia-fostului-presedinte\/"},"modified":"2024-11-10T11:46:35","modified_gmt":"2024-11-10T11:46:35","slug":"numele-lui-basescu-folosit-abuziv-in-mediul-online-pentru-a-face-reclama-la-medicamente-reactia-fostului-presedinte","status":"publish","type":"post","link":"https:\/\/247stiri.ro\/index.php\/2024\/11\/10\/numele-lui-basescu-folosit-abuziv-in-mediul-online-pentru-a-face-reclama-la-medicamente-reactia-fostului-presedinte\/","title":{"rendered":"Numele lui B\u0103sescu, folosit abuziv \u00een mediul online pentru a face reclam\u0103 la medicamente. Reac\u021bia fostului pre\u0219edinte"},"content":{"rendered":"<p>\u00centr-o postare pe pagina sa de facebook, fostul \u0219ef de stat \u00eei avertizeaz\u0103 pe cei peste 400.000 de urm\u0103ritori asupra site ului ce \u00eei poart\u0103 numele \u0219i spune c\u0103 nu are nicio leg\u0103tur\u0103 \u0219i nu este implicat \u00een activitatea de comercializare de medicamente.<\/p>\n<p>Mai mult, fostul pre\u0219edinte explic\u0103 c\u0103 domeniul b\u0103sescu.ro a fost v\u00e2ndut de autorit\u0103\u021bile rom\u00e2ne f\u0103r\u0103 a-l informa, fapt care poate crea confuzie printre urm\u0103ritori. Traian B\u0103sescu acuz\u0103 statul pentru aceast\u0103 situa\u021bie creat\u0103.<\/p>\n<p>\u201eEste inadmisibil ca pe de o parte institu\u021bii ale statului s\u0103 primeasc\u0103 bugete uria\u0219e pentru a preveni fraudele cibernetice, \u00een timp ce alte institu\u021bii, care ac\u021bioneaz\u0103 tot \u00een numele statului, cu deplin\u0103 incompeten\u021b\u0103, prostie sau corup\u021bie, creeaz\u0103 confuzie \u0219i premise pentru \u00een\u0219el\u0103ciune \u0219i fraude cibernetice\u201d, a mai afirmat fostul pre\u0219edinte al Rom\u00e2niei.\u00a0<\/p>\n<p>\u00a0<\/p>","protected":false},"excerpt":{"rendered":"<p>\u00centr-o postare pe pagina sa de facebook, fostul \u0219ef de stat \u00eei avertizeaz\u0103 pe cei&hellip;<\/p>\n","protected":false},"author":0,"featured_media":6041,"comment_status":"open","ping_status":"open","sticky":false,"template":"","format":"standard","meta":{"footnotes":""},"categories":[2],"tags":[],"class_list":["post-6040","post","type-post","status-publish","format-standard","has-post-thumbnail","hentry","category-actual"],"_links":{"self":[{"href":"https:\/\/247stiri.ro\/index.php\/wp-json\/wp\/v2\/posts\/6040","targetHints":{"allow":["GET"]}}],"collection":[{"href":"https:\/\/247stiri.ro\/index.php\/wp-json\/wp\/v2\/posts"}],"about":[{"href":"https:\/\/247stiri.ro\/index.php\/wp-json\/wp\/v2\/types\/post"}],"replies":[{"embeddable":true,"href":"https:\/\/247stiri.ro\/index.php\/wp-json\/wp\/v2\/comments?post=6040"}],"version-history":[{"count":0,"href":"https:\/\/247stiri.ro\/index.php\/wp-json\/wp\/v2\/posts\/6040\/revisions"}],"wp:featuredmedia":[{"embeddable":true,"href":"https:\/\/247stiri.ro\/index.php\/wp-json\/wp\/v2\/media\/6041"}],"wp:attachment":[{"href":"https:\/\/247stiri.ro\/index.php\/wp-json\/wp\/v2\/media?parent=6040"}],"wp:term":[{"taxonomy":"category","embeddable":true,"href":"https:\/\/247stiri.ro\/index.php\/wp-json\/wp\/v2\/categories?post=6040"},{"taxonomy":"post_tag","embeddable":true,"href":"https:\/\/247stiri.ro\/index.php\/wp-json\/wp\/v2\/tags?post=6040"}],"curies":[{"name":"wp","href":"https:\/\/api.w.org\/{rel}","templated":true}]}}