{"id":6077,"date":"2024-11-10T14:46:39","date_gmt":"2024-11-10T14:46:39","guid":{"rendered":"https:\/\/247stiri.ro\/index.php\/2024\/11\/10\/rasturnare-de-situatie-accidentul-cu-5-morti-din-suceava-provocat-intentionat-daca-nu-am-putut-sa-te-omor-pe-tine-omor-copiii\/"},"modified":"2024-11-10T14:46:39","modified_gmt":"2024-11-10T14:46:39","slug":"rasturnare-de-situatie-accidentul-cu-5-morti-din-suceava-provocat-intentionat-daca-nu-am-putut-sa-te-omor-pe-tine-omor-copiii","status":"publish","type":"post","link":"https:\/\/247stiri.ro\/index.php\/2024\/11\/10\/rasturnare-de-situatie-accidentul-cu-5-morti-din-suceava-provocat-intentionat-daca-nu-am-putut-sa-te-omor-pe-tine-omor-copiii\/","title":{"rendered":"R\u0103sturnare de situa\u021bie: Accidentul cu 5 mor\u021bi din Suceava, provocat inten\u021bionat. \u201eDac\u0103 nu am putut s\u0103 te omor pe tine, omor copiii\u201d"},"content":{"rendered":"<p>\u00cengrozitorul accident din Suceava, unde 5 oameni au murit s\u00e2mb\u0103t\u0103 dup\u0103 ce dou\u0103 ma\u0219ini s-au ciocnit frontal, a fost provocat inten\u021bionat de unul dintre \u0219oferi, scrie Monitorul de Boto\u0219ani, care prezint\u0103 \u0219i m\u0103rturiile surorilor acestuia.<\/p>\n<p>Este vorba despre un t\u00e2n\u0103r de 28 de ani din Boto\u0219ani, care \u0219i-a luat cei trei copii mici, \u00een v\u00e2rst\u0103 de 2, 3 \u0219i respectiv 8 ani, \u00een ma\u0219in\u0103 \u0219i a plecat s\u0103 se omoare, \u00eempreun\u0103 cu micu\u021bii.<\/p>\n<p>B\u0103rbatul a vrut astfel s\u0103 se r\u0103zbune pe concubina sa, care plecase \u00een urm\u0103 cu c\u00e2teva zile \u00een Germania, disperat\u0103 de b\u0103t\u0103ile pe care le primea de la acesta.\u00a0<\/p>\n<p><a href=\"https:\/\/www.realitatea.net\/stiri\/actual\/accident-grav-pe-dn2-trei-oameni-au-murit-planul-rosu-de-interventie-a-fost-activat_672f7ba2cc4b887feb1a9af2\" target=\"_blank\" rel=\"noopener\">Accident extrem de grav pe DN2: 5 persoane au murit, printre care \u0219i un copil! Planul Ro\u015fu de Interven\u0163ie a fost activat &#8211; FOTO<\/a><\/p>","protected":false},"excerpt":{"rendered":"<p>\u00cengrozitorul accident din Suceava, unde 5 oameni au murit s\u00e2mb\u0103t\u0103 dup\u0103 ce dou\u0103 ma\u0219ini s-au&hellip;<\/p>\n","protected":false},"author":0,"featured_media":6078,"comment_status":"open","ping_status":"open","sticky":false,"template":"","format":"standard","meta":{"footnotes":""},"categories":[2],"tags":[],"class_list":["post-6077","post","type-post","status-publish","format-standard","has-post-thumbnail","hentry","category-actual"],"_links":{"self":[{"href":"https:\/\/247stiri.ro\/index.php\/wp-json\/wp\/v2\/posts\/6077","targetHints":{"allow":["GET"]}}],"collection":[{"href":"https:\/\/247stiri.ro\/index.php\/wp-json\/wp\/v2\/posts"}],"about":[{"href":"https:\/\/247stiri.ro\/index.php\/wp-json\/wp\/v2\/types\/post"}],"replies":[{"embeddable":true,"href":"https:\/\/247stiri.ro\/index.php\/wp-json\/wp\/v2\/comments?post=6077"}],"version-history":[{"count":0,"href":"https:\/\/247stiri.ro\/index.php\/wp-json\/wp\/v2\/posts\/6077\/revisions"}],"wp:featuredmedia":[{"embeddable":true,"href":"https:\/\/247stiri.ro\/index.php\/wp-json\/wp\/v2\/media\/6078"}],"wp:attachment":[{"href":"https:\/\/247stiri.ro\/index.php\/wp-json\/wp\/v2\/media?parent=6077"}],"wp:term":[{"taxonomy":"category","embeddable":true,"href":"https:\/\/247stiri.ro\/index.php\/wp-json\/wp\/v2\/categories?post=6077"},{"taxonomy":"post_tag","embeddable":true,"href":"https:\/\/247stiri.ro\/index.php\/wp-json\/wp\/v2\/tags?post=6077"}],"curies":[{"name":"wp","href":"https:\/\/api.w.org\/{rel}","templated":true}]}}