{"id":6079,"date":"2024-11-10T14:46:40","date_gmt":"2024-11-10T14:46:40","guid":{"rendered":"https:\/\/247stiri.ro\/index.php\/2024\/11\/10\/doi-pietoni-loviti-de-o-soferita-pe-o-trecere-marcata-corespunzator-unul-dintre-ei-a-murit\/"},"modified":"2024-11-10T14:46:40","modified_gmt":"2024-11-10T14:46:40","slug":"doi-pietoni-loviti-de-o-soferita-pe-o-trecere-marcata-corespunzator-unul-dintre-ei-a-murit","status":"publish","type":"post","link":"https:\/\/247stiri.ro\/index.php\/2024\/11\/10\/doi-pietoni-loviti-de-o-soferita-pe-o-trecere-marcata-corespunzator-unul-dintre-ei-a-murit\/","title":{"rendered":"Doi pietoni, lovi\u0163i de o \u015foferi\u0163\u0103 pe o trecere marcat\u0103 corespunz\u0103tor. Unul dintre ei a MURIT"},"content":{"rendered":"<p>Potrivit unei inform\u0103ri transmis\u0103 de Inspectoratul de Poli\u0163ie Jude\u0163ean (IPJ) Neam\u0163, &#8222;din primele cercet\u0103ri a rezultat faptul c\u0103, \u00een timp ce o femeie, \u00een v\u00e2rst\u0103 de 53 de ani, din Piatra-Neam\u0163, conducea un autoturism pe strada Mihai Viteazul, av\u00e2nd direc\u0163ia de deplasare Girov spre Piatra-Neam\u0163, ar fi surprins \u015fi accidentat dou\u0103 persoane , o femeie de 74 de ani \u015fi un b\u0103rbat de 79 de ani, din Piatra-Neam\u0163, care s-ar fi aflat angaja\u0163i \u00een traversarea str\u0103zii prin loc prev\u0103zut cu marcaj pietonal&#8221;.<\/p>\n<p>\u00cen urma evenimentului rutier a rezultat v\u0103t\u0103marea corporal\u0103 a celor doi pietoni, care au fost transporta\u0163i la o unitate medical\u0103, pentru acordarea de \u00eengrijiri de specialitate, unde din nefericire fost declarat decesul b\u0103rbatului.<\/p>\n<p>Conduc\u0103toarea auto a fost testat\u0103 cu aparatul etilotest, rezultatul fiind negativ.<\/p>\n<p>Poli\u0163i\u015ftii efectueaz\u0103 cercet\u0103ri cu privire la infrac\u0163iunile de ucidere din culp\u0103 \u015fi v\u0103t\u0103mare corporal\u0103 din culp\u0103.<\/p>","protected":false},"excerpt":{"rendered":"<p>Potrivit unei inform\u0103ri transmis\u0103 de Inspectoratul de Poli\u0163ie Jude\u0163ean (IPJ) Neam\u0163, &#8222;din primele cercet\u0103ri a&hellip;<\/p>\n","protected":false},"author":0,"featured_media":6080,"comment_status":"open","ping_status":"open","sticky":false,"template":"","format":"standard","meta":{"footnotes":""},"categories":[2],"tags":[],"class_list":["post-6079","post","type-post","status-publish","format-standard","has-post-thumbnail","hentry","category-actual"],"_links":{"self":[{"href":"https:\/\/247stiri.ro\/index.php\/wp-json\/wp\/v2\/posts\/6079","targetHints":{"allow":["GET"]}}],"collection":[{"href":"https:\/\/247stiri.ro\/index.php\/wp-json\/wp\/v2\/posts"}],"about":[{"href":"https:\/\/247stiri.ro\/index.php\/wp-json\/wp\/v2\/types\/post"}],"replies":[{"embeddable":true,"href":"https:\/\/247stiri.ro\/index.php\/wp-json\/wp\/v2\/comments?post=6079"}],"version-history":[{"count":0,"href":"https:\/\/247stiri.ro\/index.php\/wp-json\/wp\/v2\/posts\/6079\/revisions"}],"wp:featuredmedia":[{"embeddable":true,"href":"https:\/\/247stiri.ro\/index.php\/wp-json\/wp\/v2\/media\/6080"}],"wp:attachment":[{"href":"https:\/\/247stiri.ro\/index.php\/wp-json\/wp\/v2\/media?parent=6079"}],"wp:term":[{"taxonomy":"category","embeddable":true,"href":"https:\/\/247stiri.ro\/index.php\/wp-json\/wp\/v2\/categories?post=6079"},{"taxonomy":"post_tag","embeddable":true,"href":"https:\/\/247stiri.ro\/index.php\/wp-json\/wp\/v2\/tags?post=6079"}],"curies":[{"name":"wp","href":"https:\/\/api.w.org\/{rel}","templated":true}]}}